{"id":229174,"date":"2022-01-08T09:54:54","date_gmt":"2022-01-08T08:54:54","guid":{"rendered":"https:\/\/zjarr.tv\/?p=229174"},"modified":"2022-01-08T09:54:54","modified_gmt":"2022-01-08T08:54:54","slug":"sot-fillon-pune-komisioni-i-rithemelimit-baci-nese-basha-nuk-del-nga-zyra-ska-problem-ju-garantoj-se","status":"publish","type":"post","link":"https:\/\/zjarr.tv\/sq\/sot-fillon-pune-komisioni-i-rithemelimit-baci-nese-basha-nuk-del-nga-zyra-ska-problem-ju-garantoj-se\/","title":{"rendered":"\u201cSot fillon pun\u00eb Komisioni i Rithemelimit\u201d, Ba\u00e7i: N\u00ebse Basha nuk del nga zyra, s\u2019ka problem, ju garantoj se\u2026"},"content":{"rendered":"<p>Luan Ba\u00e7i, deputet i PD n\u00eb qarkun e Fierit tha se n\u00eb dit\u00ebn e sotme do t\u00eb niste pun\u00eb Komisioni p\u00ebr Rithemelimin e PD edhe n\u00ebse Basha nuk pranonte t\u00eb dilte nga zyra at\u00ebher\u00eb le t\u00eb q\u00ebndronte aty si nj\u00eb deputet i thjesht\u00eb por jo si kryetar.<\/p>\n<p>Lidhur me numrin e protestuesve, Ba\u00e7i nuk dha numra por siguroi se do t\u00eb kishte nj\u00eb masivitet t\u00eb demokrat\u00ebve q\u00eb ishin nisur p\u00ebr n\u00eb Tiran\u00eb q\u00eb pasditen e dit\u00ebs s\u00eb djeshme.<\/p>\n<p>Ba\u00e7i: Lulzim Basha, nuk e pengon protest\u00ebn ton\u00eb ose fillimin e pun\u00ebs t\u00eb Komisionit t\u00eb Rithemelimit., Basha nuk \u00ebsht\u00eb kryetar por deputet i PD, sot ose t\u00eb bashkohet me ne ose t\u00eb ik\u00eb nga zyra. N\u00ebse nuk del nga zyra le t\u00eb rrij\u00eb n\u00eb zyr\u00eb bashk\u00eb me ne nuk ka problem fare. T\u00eb jet\u00eb deputet i thjesht\u00eb aty.<\/p>\n<p>Ju garantoj se do shihni nj\u00eb masivitet t\u00eb papar\u00eb sot n\u00eb protest\u00ebn e demokrat\u00ebve para selis\u00eb s\u00eb PD.<\/p>\n","protected":false},"excerpt":{"rendered":"<p>Luan Ba\u00e7i, deputet i PD n\u00eb qarkun e Fierit tha se n\u00eb dit\u00ebn e sotme do t\u00eb niste pun\u00eb Komisioni p\u00ebr Rithemelimin e PD edhe n\u00ebse Basha nuk pranonte t\u00eb dilte nga zyra at\u00ebher\u00eb le t\u00eb q\u00ebndronte aty si nj\u00eb deputet i thjesht\u00eb por jo si kryetar. Lidhur me numrin e protestuesve, Ba\u00e7i nuk dha [&hellip;]<\/p>\n","protected":false},"author":2031,"featured_media":229175,"comment_status":"closed","ping_status":"closed","sticky":false,"template":"","format":"standard","meta":{"footnotes":""},"categories":[231],"tags":[],"class_list":{"0":"post-229174","1":"post","2":"type-post","3":"status-publish","4":"format-standard","5":"has-post-thumbnail","7":"category-lajme"},"_links":{"self":[{"href":"https:\/\/zjarr.tv\/sq\/wp-json\/wp\/v2\/posts\/229174","targetHints":{"allow":["GET"]}}],"collection":[{"href":"https:\/\/zjarr.tv\/sq\/wp-json\/wp\/v2\/posts"}],"about":[{"href":"https:\/\/zjarr.tv\/sq\/wp-json\/wp\/v2\/types\/post"}],"author":[{"embeddable":true,"href":"https:\/\/zjarr.tv\/sq\/wp-json\/wp\/v2\/users\/2031"}],"replies":[{"embeddable":true,"href":"https:\/\/zjarr.tv\/sq\/wp-json\/wp\/v2\/comments?post=229174"}],"version-history":[{"count":0,"href":"https:\/\/zjarr.tv\/sq\/wp-json\/wp\/v2\/posts\/229174\/revisions"}],"wp:featuredmedia":[{"embeddable":true,"href":"https:\/\/zjarr.tv\/sq\/wp-json\/wp\/v2\/media\/229175"}],"wp:attachment":[{"href":"https:\/\/zjarr.tv\/sq\/wp-json\/wp\/v2\/media?parent=229174"}],"wp:term":[{"taxonomy":"category","embeddable":true,"href":"https:\/\/zjarr.tv\/sq\/wp-json\/wp\/v2\/categories?post=229174"},{"taxonomy":"post_tag","embeddable":true,"href":"https:\/\/zjarr.tv\/sq\/wp-json\/wp\/v2\/tags?post=229174"}],"curies":[{"name":"wp","href":"https:\/\/api.w.org\/{rel}","templated":true}]}}