{"id":229179,"date":"2022-01-08T10:01:04","date_gmt":"2022-01-08T09:01:04","guid":{"rendered":"https:\/\/zjarr.tv\/?p=229179"},"modified":"2022-01-08T10:01:04","modified_gmt":"2022-01-08T09:01:04","slug":"protesta-ne-seline-e-pd-snajperiste-ne-godinen-e-kryeministrise-fnsh-ne-gatishmeri-per-mbrojtjen-e-institucioneve","status":"publish","type":"post","link":"https:\/\/zjarr.tv\/sq\/protesta-ne-seline-e-pd-snajperiste-ne-godinen-e-kryeministrise-fnsh-ne-gatishmeri-per-mbrojtjen-e-institucioneve\/","title":{"rendered":"Protesta n\u00eb selin\u00eb e PD, snajperist\u00eb n\u00eb godin\u00ebn e Kryeministris\u00eb, FNSH n\u00eb gatishm\u00ebri p\u00ebr mbrojtjen e institucioneve"},"content":{"rendered":"<p>Pas dy or\u00ebsh do t\u00eb mbahet protesta e thirrur nga ish-kryeministri Sali Berisha para selis\u00eb s\u00eb Partis\u00eb Demokratike.<\/p>\n<p>Kjo protest\u00eb e thirrur nga Berisha ka v\u00ebn\u00eb n\u00eb l\u00ebvizje edhe policin\u00eb e cila ka marr\u00eb masa. Burime p\u00ebr media b\u00ebjn\u00eb me dije se FNSH do t\u00eb jet\u00eb n\u00eb gatishm\u00ebri p\u00ebr p\u00ebr t\u00eb evidentuar element problematike apo q\u00eb synojn\u00eb t\u00eb thyejn\u00eb rendin publik, si dhe p\u00ebr survenjimin e institucioneve.<\/p>\n<p>Teksa m\u00ebsohet se n\u00eb godin\u00ebn e kryeministris\u00eb kan\u00eb hyr\u00eb b\u00eb godin\u00eb edhe snajperist\u00eb, po ashtu dera kryesore e Kryeministris\u00eb \u00ebsht\u00eb veshur me veshje metalike.<\/p>\n<p>Kujtojm\u00eb q\u00eb nga 9 shtatori kur Basha pezulloi Sali Berish\u00ebn nga grupi parlamentar i k\u00ebsaj force politike, duksh\u00ebm \u00ebsht\u00eb ndar\u00eb n\u00eb \u201cdy kampe\u201d.<\/p>\n","protected":false},"excerpt":{"rendered":"<p>Pas dy or\u00ebsh do t\u00eb mbahet protesta e thirrur nga ish-kryeministri Sali Berisha para selis\u00eb s\u00eb Partis\u00eb Demokratike. Kjo protest\u00eb e thirrur nga Berisha ka v\u00ebn\u00eb n\u00eb l\u00ebvizje edhe policin\u00eb e cila ka marr\u00eb masa. Burime p\u00ebr media b\u00ebjn\u00eb me dije se FNSH do t\u00eb jet\u00eb n\u00eb gatishm\u00ebri p\u00ebr p\u00ebr t\u00eb evidentuar element problematike apo [&hellip;]<\/p>\n","protected":false},"author":2031,"featured_media":229180,"comment_status":"closed","ping_status":"closed","sticky":false,"template":"","format":"standard","meta":{"footnotes":""},"categories":[231],"tags":[],"class_list":{"0":"post-229179","1":"post","2":"type-post","3":"status-publish","4":"format-standard","5":"has-post-thumbnail","7":"category-lajme"},"_links":{"self":[{"href":"https:\/\/zjarr.tv\/sq\/wp-json\/wp\/v2\/posts\/229179","targetHints":{"allow":["GET"]}}],"collection":[{"href":"https:\/\/zjarr.tv\/sq\/wp-json\/wp\/v2\/posts"}],"about":[{"href":"https:\/\/zjarr.tv\/sq\/wp-json\/wp\/v2\/types\/post"}],"author":[{"embeddable":true,"href":"https:\/\/zjarr.tv\/sq\/wp-json\/wp\/v2\/users\/2031"}],"replies":[{"embeddable":true,"href":"https:\/\/zjarr.tv\/sq\/wp-json\/wp\/v2\/comments?post=229179"}],"version-history":[{"count":0,"href":"https:\/\/zjarr.tv\/sq\/wp-json\/wp\/v2\/posts\/229179\/revisions"}],"wp:featuredmedia":[{"embeddable":true,"href":"https:\/\/zjarr.tv\/sq\/wp-json\/wp\/v2\/media\/229180"}],"wp:attachment":[{"href":"https:\/\/zjarr.tv\/sq\/wp-json\/wp\/v2\/media?parent=229179"}],"wp:term":[{"taxonomy":"category","embeddable":true,"href":"https:\/\/zjarr.tv\/sq\/wp-json\/wp\/v2\/categories?post=229179"},{"taxonomy":"post_tag","embeddable":true,"href":"https:\/\/zjarr.tv\/sq\/wp-json\/wp\/v2\/tags?post=229179"}],"curies":[{"name":"wp","href":"https:\/\/api.w.org\/{rel}","templated":true}]}}