{"id":229184,"date":"2022-01-08T11:01:25","date_gmt":"2022-01-08T10:01:25","guid":{"rendered":"https:\/\/zjarr.tv\/?p=229184"},"modified":"2022-01-08T11:01:25","modified_gmt":"2022-01-08T10:01:25","slug":"pak-para-nisjes-se-protestes-flutura-acka-mesazh-kush-nxit-perplasje-te-demokrateve-e-denofte-historia","status":"publish","type":"post","link":"https:\/\/zjarr.tv\/sq\/pak-para-nisjes-se-protestes-flutura-acka-mesazh-kush-nxit-perplasje-te-demokrateve-e-denofte-historia\/","title":{"rendered":"Pak para nisjes s\u00eb protest\u00ebs, Flutura A\u00e7ka mesazh: Kush nxit p\u00ebrplasje t\u00eb demokrat\u00ebve, e d\u00ebnoft\u00eb historia"},"content":{"rendered":"<p>Deputetja e Partis\u00eb Demokratike, Flutura A\u00e7ka pak para se t\u00eb filloj\u00eb protesta e thirrur nga Sali Berisha u ka b\u00ebr\u00eb thirrje demokrat\u00ebve q\u00eb t\u00eb mos nxisin p\u00ebrplasje.<\/p>\n<p>Me an\u00eb t\u00eb nj\u00eb postimi n\u00eb rrjetet sociale ajo shkruan se demokrat\u00ebt jan\u00eb zemra dhe jo muret teksa thot\u00eb \u201ckush nxit p\u00ebrplasje mes demokrat\u00ebve e d\u00ebnoft\u00eb historia\u201d.<\/p>\n<p>Postimi i Flutura A\u00e7k\u00ebs:<\/p>\n<p>Demokrat\u00ebt jan\u00eb \ud83d\udc99, jo mure, jo dritare, jo orendi!<\/p>\n<p>Demokrat\u00ebt jan\u00eb paqja, jo urrejtja, jo lin\u00e7imi, jo fyerja!<\/p>\n<p>Demokrat\u00ebt jan\u00eb Liria, jo dhuna, jo djegia, jo shkat\u00ebrrimi!<\/p>\n<p>Demokrat\u00ebt jan\u00eb Ligji, jo muskujt.<\/p>\n<p>Demokrat\u00ebt jan\u00eb Fjala, jo forca.<\/p>\n<p>N\u00eb jemi 80 mij\u00eb demokrat\u00eb, por duhet t\u00eb respektojm\u00eb me paqen dhe civilizimin ton\u00eb ata 600 mij\u00eb shqiptar\u00eb q\u00eb na votuan m\u00eb 25 prill 2021. Ata, q\u00eb i kishin varur kaq shpresa te ne, jan\u00eb t\u00eb trishtuar t\u00eb na e shohin aq hapur etjen p\u00ebr t\u00eb shqyer familjarin ton\u00eb, demokratin p\u00ebrball\u00eb.<\/p>\n<p>Ata nuk do t\u00eb na e falin kurr\u0113 qoft\u00eb nj\u00eb gur t\u00eb hedhur sot, as qoft\u00eb miniaturat e skenar\u00ebve dumbabaiste t\u00eb vitit 1998.<\/p>\n<p>Kush nxit p\u00ebrplasje t\u00eb demokrat\u00ebve mes vedi sot, e d\u00ebnoft\u00eb historia!<\/p>\n","protected":false},"excerpt":{"rendered":"<p>Deputetja e Partis\u00eb Demokratike, Flutura A\u00e7ka pak para se t\u00eb filloj\u00eb protesta e thirrur nga Sali Berisha u ka b\u00ebr\u00eb thirrje demokrat\u00ebve q\u00eb t\u00eb mos nxisin p\u00ebrplasje. Me an\u00eb t\u00eb nj\u00eb postimi n\u00eb rrjetet sociale ajo shkruan se demokrat\u00ebt jan\u00eb zemra dhe jo muret teksa thot\u00eb \u201ckush nxit p\u00ebrplasje mes demokrat\u00ebve e d\u00ebnoft\u00eb historia\u201d. Postimi [&hellip;]<\/p>\n","protected":false},"author":2031,"featured_media":188551,"comment_status":"closed","ping_status":"closed","sticky":false,"template":"","format":"standard","meta":{"footnotes":""},"categories":[231],"tags":[],"class_list":{"0":"post-229184","1":"post","2":"type-post","3":"status-publish","4":"format-standard","5":"has-post-thumbnail","7":"category-lajme"},"_links":{"self":[{"href":"https:\/\/zjarr.tv\/sq\/wp-json\/wp\/v2\/posts\/229184","targetHints":{"allow":["GET"]}}],"collection":[{"href":"https:\/\/zjarr.tv\/sq\/wp-json\/wp\/v2\/posts"}],"about":[{"href":"https:\/\/zjarr.tv\/sq\/wp-json\/wp\/v2\/types\/post"}],"author":[{"embeddable":true,"href":"https:\/\/zjarr.tv\/sq\/wp-json\/wp\/v2\/users\/2031"}],"replies":[{"embeddable":true,"href":"https:\/\/zjarr.tv\/sq\/wp-json\/wp\/v2\/comments?post=229184"}],"version-history":[{"count":0,"href":"https:\/\/zjarr.tv\/sq\/wp-json\/wp\/v2\/posts\/229184\/revisions"}],"wp:featuredmedia":[{"embeddable":true,"href":"https:\/\/zjarr.tv\/sq\/wp-json\/wp\/v2\/media\/188551"}],"wp:attachment":[{"href":"https:\/\/zjarr.tv\/sq\/wp-json\/wp\/v2\/media?parent=229184"}],"wp:term":[{"taxonomy":"category","embeddable":true,"href":"https:\/\/zjarr.tv\/sq\/wp-json\/wp\/v2\/categories?post=229184"},{"taxonomy":"post_tag","embeddable":true,"href":"https:\/\/zjarr.tv\/sq\/wp-json\/wp\/v2\/tags?post=229184"}],"curies":[{"name":"wp","href":"https:\/\/api.w.org\/{rel}","templated":true}]}}