{"id":229192,"date":"2022-01-08T11:25:55","date_gmt":"2022-01-08T10:25:55","guid":{"rendered":"https:\/\/zjarr.tv\/?p=229192"},"modified":"2022-01-08T11:25:55","modified_gmt":"2022-01-08T10:25:55","slug":"foto-provokimi-roland-bejko-u-tregoi-gishtin-e-mesit-demokrateve","status":"publish","type":"post","link":"https:\/\/zjarr.tv\/sq\/foto-provokimi-roland-bejko-u-tregoi-gishtin-e-mesit-demokrateve\/","title":{"rendered":"FOTO\/ Provokimi: Roland Bejko u tregoi gishtin e mesit demokrat\u00ebve"},"content":{"rendered":"<p>Kjo foto tregon momentin kur Roland Bejko u tregon gishtin e mesit protestuesve t\u00eb PD.<\/p>\n<p>Mb\u00ebrritja e tij n\u00eb selin\u00eb e PD ka acaruar protestuesit.<\/p>\n<p>Ata e kan\u00eb shoq\u00ebruar me sharje deri te dera e PD, e cila \u00e7udit\u00ebrisht nuk u hap p\u00ebr t\u00eb.<\/p>\n<p>M\u00eb pas Bejko u largua nga selia, duke vazhduar provokimet\/SYRI.NET<\/p>\n","protected":false},"excerpt":{"rendered":"<p>Kjo foto tregon momentin kur Roland Bejko u tregon gishtin e mesit protestuesve t\u00eb PD. Mb\u00ebrritja e tij n\u00eb selin\u00eb e PD ka acaruar protestuesit. Ata e kan\u00eb shoq\u00ebruar me sharje deri te dera e PD, e cila \u00e7udit\u00ebrisht nuk u hap p\u00ebr t\u00eb. M\u00eb pas Bejko u largua nga selia, duke vazhduar provokimet\/SYRI.NET<\/p>\n","protected":false},"author":2031,"featured_media":229193,"comment_status":"closed","ping_status":"closed","sticky":false,"template":"","format":"standard","meta":{"footnotes":""},"categories":[231],"tags":[],"class_list":{"0":"post-229192","1":"post","2":"type-post","3":"status-publish","4":"format-standard","5":"has-post-thumbnail","7":"category-lajme"},"_links":{"self":[{"href":"https:\/\/zjarr.tv\/sq\/wp-json\/wp\/v2\/posts\/229192","targetHints":{"allow":["GET"]}}],"collection":[{"href":"https:\/\/zjarr.tv\/sq\/wp-json\/wp\/v2\/posts"}],"about":[{"href":"https:\/\/zjarr.tv\/sq\/wp-json\/wp\/v2\/types\/post"}],"author":[{"embeddable":true,"href":"https:\/\/zjarr.tv\/sq\/wp-json\/wp\/v2\/users\/2031"}],"replies":[{"embeddable":true,"href":"https:\/\/zjarr.tv\/sq\/wp-json\/wp\/v2\/comments?post=229192"}],"version-history":[{"count":0,"href":"https:\/\/zjarr.tv\/sq\/wp-json\/wp\/v2\/posts\/229192\/revisions"}],"wp:featuredmedia":[{"embeddable":true,"href":"https:\/\/zjarr.tv\/sq\/wp-json\/wp\/v2\/media\/229193"}],"wp:attachment":[{"href":"https:\/\/zjarr.tv\/sq\/wp-json\/wp\/v2\/media?parent=229192"}],"wp:term":[{"taxonomy":"category","embeddable":true,"href":"https:\/\/zjarr.tv\/sq\/wp-json\/wp\/v2\/categories?post=229192"},{"taxonomy":"post_tag","embeddable":true,"href":"https:\/\/zjarr.tv\/sq\/wp-json\/wp\/v2\/tags?post=229192"}],"curies":[{"name":"wp","href":"https:\/\/api.w.org\/{rel}","templated":true}]}}