{"id":229197,"date":"2022-01-08T11:50:39","date_gmt":"2022-01-08T10:50:39","guid":{"rendered":"https:\/\/zjarr.tv\/?p=229197"},"modified":"2022-01-08T11:50:39","modified_gmt":"2022-01-08T10:50:39","slug":"shpetim-gjika-ironizon-perplasjen-berisha-basha-shkoi-dikur-nje-hajdut-te-vidhte-ne-stanin-e-nje-cobani-me-pas-u-ankua-pse-cobani-e-mbante-qenin-zgjidhur","status":"publish","type":"post","link":"https:\/\/zjarr.tv\/sq\/shpetim-gjika-ironizon-perplasjen-berisha-basha-shkoi-dikur-nje-hajdut-te-vidhte-ne-stanin-e-nje-cobani-me-pas-u-ankua-pse-cobani-e-mbante-qenin-zgjidhur\/","title":{"rendered":"Shp\u00ebtim Gjika ironizon p\u00ebrplasjen Berisha-Basha: Shkoi dikur nj\u00eb hajdut t\u00eb vidhte n\u00eb stanin e nj\u00eb \u00e7obani, m\u00eb pas u ankua pse \u00e7obani e mbante qenin zgjidhur"},"content":{"rendered":"<p>Ish-kryetari i Bashkis\u00eb s\u00eb Vlor\u00ebs, Shp\u00ebtim Gjika, ka ironizuar p\u00ebrplasjen q\u00eb po ndodh n\u00eb Partin\u00eb demokratike mes Lulzim Bash\u00ebs dhe Sali Berish\u00ebs.<\/p>\n<p>\u201cShkoi dikur nj\u00eb hajdut t\u00eb vidhte n\u00eb stanin e nj\u00eb \u00e7obani, dhe m\u00eb pas u ankua pse \u00e7obani e mbante qenin zgjidhur\u2026\u201d, shkruan Gjika, duke iu referuar situat\u00ebs n\u00eb PD.<\/p>\n<p>Kujtojm\u00eb se sot mbahet protesta p\u00ebrpara selis\u00eb s\u00eb Partis\u00eb Demokratike, e thirrur nga Sali Berisha, nd\u00ebrkoh\u00eb q\u00eb Basha ka marr\u00eb masat, duke blinduar dyert e selis\u00eb.<\/p>\n","protected":false},"excerpt":{"rendered":"<p>Ish-kryetari i Bashkis\u00eb s\u00eb Vlor\u00ebs, Shp\u00ebtim Gjika, ka ironizuar p\u00ebrplasjen q\u00eb po ndodh n\u00eb Partin\u00eb demokratike mes Lulzim Bash\u00ebs dhe Sali Berish\u00ebs. \u201cShkoi dikur nj\u00eb hajdut t\u00eb vidhte n\u00eb stanin e nj\u00eb \u00e7obani, dhe m\u00eb pas u ankua pse \u00e7obani e mbante qenin zgjidhur\u2026\u201d, shkruan Gjika, duke iu referuar situat\u00ebs n\u00eb PD. Kujtojm\u00eb se sot [&hellip;]<\/p>\n","protected":false},"author":2030,"featured_media":229203,"comment_status":"closed","ping_status":"closed","sticky":false,"template":"","format":"standard","meta":{"footnotes":""},"categories":[241,5380,231,1454],"tags":[],"class_list":{"0":"post-229197","1":"post","2":"type-post","3":"status-publish","4":"format-standard","5":"has-post-thumbnail","7":"category-aktualitet","8":"category-kryesore","9":"category-lajme","10":"category-politike"},"_links":{"self":[{"href":"https:\/\/zjarr.tv\/sq\/wp-json\/wp\/v2\/posts\/229197","targetHints":{"allow":["GET"]}}],"collection":[{"href":"https:\/\/zjarr.tv\/sq\/wp-json\/wp\/v2\/posts"}],"about":[{"href":"https:\/\/zjarr.tv\/sq\/wp-json\/wp\/v2\/types\/post"}],"author":[{"embeddable":true,"href":"https:\/\/zjarr.tv\/sq\/wp-json\/wp\/v2\/users\/2030"}],"replies":[{"embeddable":true,"href":"https:\/\/zjarr.tv\/sq\/wp-json\/wp\/v2\/comments?post=229197"}],"version-history":[{"count":0,"href":"https:\/\/zjarr.tv\/sq\/wp-json\/wp\/v2\/posts\/229197\/revisions"}],"wp:featuredmedia":[{"embeddable":true,"href":"https:\/\/zjarr.tv\/sq\/wp-json\/wp\/v2\/media\/229203"}],"wp:attachment":[{"href":"https:\/\/zjarr.tv\/sq\/wp-json\/wp\/v2\/media?parent=229197"}],"wp:term":[{"taxonomy":"category","embeddable":true,"href":"https:\/\/zjarr.tv\/sq\/wp-json\/wp\/v2\/categories?post=229197"},{"taxonomy":"post_tag","embeddable":true,"href":"https:\/\/zjarr.tv\/sq\/wp-json\/wp\/v2\/tags?post=229197"}],"curies":[{"name":"wp","href":"https:\/\/api.w.org\/{rel}","templated":true}]}}