{"id":229211,"date":"2022-01-08T12:04:50","date_gmt":"2022-01-08T11:04:50","guid":{"rendered":"https:\/\/zjarr.tv\/?p=229211"},"modified":"2022-01-08T12:04:50","modified_gmt":"2022-01-08T11:04:50","slug":"mbeshtetesit-e-sali-berishes-shqyejne-deren-kryesore-dhe-mesyjne-brenda-partise-demokratike","status":"publish","type":"post","link":"https:\/\/zjarr.tv\/sq\/mbeshtetesit-e-sali-berishes-shqyejne-deren-kryesore-dhe-mesyjne-brenda-partise-demokratike\/","title":{"rendered":"Mb\u00ebshtet\u00ebsit e Sali Berish\u00ebs shqyejn\u00eb der\u00ebn kryesore dhe m\u00ebsyjn\u00eb brenda Partis\u00eb Demokratike"},"content":{"rendered":"<p>Shqyhet dera kryesore e Partis\u00eb Demokratike. Mb\u00ebshtet\u00ebsit e ish-kryeministrit Berisha jan\u00eb grumbulluar para selis\u00eb dhe t\u00eb gjith\u00eb bashk\u00eb kan\u00eb rr\u00ebzuar der\u00ebn kryesore, me orientim nga rruga e Elbasanit.<\/p>\n<p>\u201cBerisha, Berisha, Berisha\u201d, th\u00ebrrasin protestuesit dhe kan\u00eb m\u00ebsyr\u00eb brenda selis\u00eb s\u00eb Partis\u00eb Demokratike. Ka raportime se \u00ebsht\u00eb hedhur gaz lotsjell\u00ebs nga brenda por kjo nuk \u00ebsht\u00eb konfirmuar ende, dhe protestuesit po ashtu jan\u00eb brenda hollit t\u00eb katit t\u00eb par\u00eb.<\/p>\n<p>Turma ka ngecur aty, por nuk dihet n\u00ebse ata nuk duan t\u00eb avancojn\u00eb m\u00eb tej apo e kan\u00eb t\u00eb pamundur t\u00eb ngjiten n\u00eb katin e dyt\u00eb.<\/p>\n","protected":false},"excerpt":{"rendered":"<p>Shqyhet dera kryesore e Partis\u00eb Demokratike. Mb\u00ebshtet\u00ebsit e ish-kryeministrit Berisha jan\u00eb grumbulluar para selis\u00eb dhe t\u00eb gjith\u00eb bashk\u00eb kan\u00eb rr\u00ebzuar der\u00ebn kryesore, me orientim nga rruga e Elbasanit. \u201cBerisha, Berisha, Berisha\u201d, th\u00ebrrasin protestuesit dhe kan\u00eb m\u00ebsyr\u00eb brenda selis\u00eb s\u00eb Partis\u00eb Demokratike. Ka raportime se \u00ebsht\u00eb hedhur gaz lotsjell\u00ebs nga brenda por kjo nuk \u00ebsht\u00eb konfirmuar [&hellip;]<\/p>\n","protected":false},"author":2030,"featured_media":229212,"comment_status":"closed","ping_status":"closed","sticky":false,"template":"","format":"standard","meta":{"footnotes":""},"categories":[241,5380,231,1454],"tags":[],"class_list":{"0":"post-229211","1":"post","2":"type-post","3":"status-publish","4":"format-standard","5":"has-post-thumbnail","7":"category-aktualitet","8":"category-kryesore","9":"category-lajme","10":"category-politike"},"_links":{"self":[{"href":"https:\/\/zjarr.tv\/sq\/wp-json\/wp\/v2\/posts\/229211","targetHints":{"allow":["GET"]}}],"collection":[{"href":"https:\/\/zjarr.tv\/sq\/wp-json\/wp\/v2\/posts"}],"about":[{"href":"https:\/\/zjarr.tv\/sq\/wp-json\/wp\/v2\/types\/post"}],"author":[{"embeddable":true,"href":"https:\/\/zjarr.tv\/sq\/wp-json\/wp\/v2\/users\/2030"}],"replies":[{"embeddable":true,"href":"https:\/\/zjarr.tv\/sq\/wp-json\/wp\/v2\/comments?post=229211"}],"version-history":[{"count":0,"href":"https:\/\/zjarr.tv\/sq\/wp-json\/wp\/v2\/posts\/229211\/revisions"}],"wp:featuredmedia":[{"embeddable":true,"href":"https:\/\/zjarr.tv\/sq\/wp-json\/wp\/v2\/media\/229212"}],"wp:attachment":[{"href":"https:\/\/zjarr.tv\/sq\/wp-json\/wp\/v2\/media?parent=229211"}],"wp:term":[{"taxonomy":"category","embeddable":true,"href":"https:\/\/zjarr.tv\/sq\/wp-json\/wp\/v2\/categories?post=229211"},{"taxonomy":"post_tag","embeddable":true,"href":"https:\/\/zjarr.tv\/sq\/wp-json\/wp\/v2\/tags?post=229211"}],"curies":[{"name":"wp","href":"https:\/\/api.w.org\/{rel}","templated":true}]}}