{"id":229215,"date":"2022-01-08T12:08:58","date_gmt":"2022-01-08T11:08:58","guid":{"rendered":"https:\/\/zjarr.tv\/?p=229215"},"modified":"2022-01-08T12:08:58","modified_gmt":"2022-01-08T11:08:58","slug":"protestuesit-shqyen-deren-berisha-niset-per-ne-seline-e-pd-dhe-ben-thirrje-demokrate-tregohuni-gjakftohte-dhe-me-vetepermbajte","status":"publish","type":"post","link":"https:\/\/zjarr.tv\/sq\/protestuesit-shqyen-deren-berisha-niset-per-ne-seline-e-pd-dhe-ben-thirrje-demokrate-tregohuni-gjakftohte-dhe-me-vetepermbajte\/","title":{"rendered":"Protestuesit shqyen der\u00ebn, Berisha niset p\u00ebr n\u00eb selin\u00eb e PD dhe b\u00ebn thirrje: Demokrat\u00eb tregohuni gjakftoht\u00eb dhe me vet\u00ebp\u00ebrmbajte"},"content":{"rendered":"<p>Ish-kryeministri Sali Berisha ka dal\u00eb nga banesa e tij n\u00eb zon\u00ebn ish-Bllokut dhe \u00ebsht\u00eb nisur p\u00ebr n\u00eb Selin\u00eb e PD, ku do mbahet edhe protesta e thirrur nga vet\u00eb ai.<\/p>\n<p>Berisha n\u00eb nj\u00eb prononcim t\u00eb shkurt\u00ebr tha se demokrat\u00ebt bunkerin e Bash\u00ebs do e kthejn\u00eb n\u00eb sht\u00ebpin\u00eb e liris\u00eb, teksa b\u00ebri thirrje p\u00ebr vet\u00ebp\u00ebrmbajtje.<\/p>\n<p>\u201c\u00cbsht\u00eb dhe do mbetet nj\u00eb protest\u00eb paq\u00ebsore. Bunkeri i Bash\u00ebs do kthehet n\u00eb sht\u00ebpin\u00eb e liris\u00eb. Ftoj t\u00eb gjith\u00eb demokrat\u00ebt q\u00eb t\u00eb ruajn\u00eb gjakftoht\u00ebsin\u00eb dhe t\u00eb vet\u00ebp\u00ebrmbahen. K\u00ebrkoj vet\u00ebp\u00ebrmbajte, vet\u00ebp\u00ebrmbajte, vet\u00ebp\u00ebrmbajte\u201d tha Berisha.<\/p>\n","protected":false},"excerpt":{"rendered":"<p>Ish-kryeministri Sali Berisha ka dal\u00eb nga banesa e tij n\u00eb zon\u00ebn ish-Bllokut dhe \u00ebsht\u00eb nisur p\u00ebr n\u00eb Selin\u00eb e PD, ku do mbahet edhe protesta e thirrur nga vet\u00eb ai. Berisha n\u00eb nj\u00eb prononcim t\u00eb shkurt\u00ebr tha se demokrat\u00ebt bunkerin e Bash\u00ebs do e kthejn\u00eb n\u00eb sht\u00ebpin\u00eb e liris\u00eb, teksa b\u00ebri thirrje p\u00ebr vet\u00ebp\u00ebrmbajtje. \u201c\u00cbsht\u00eb [&hellip;]<\/p>\n","protected":false},"author":2030,"featured_media":229216,"comment_status":"closed","ping_status":"closed","sticky":false,"template":"","format":"standard","meta":{"footnotes":""},"categories":[241,5380,231,1454],"tags":[],"class_list":{"0":"post-229215","1":"post","2":"type-post","3":"status-publish","4":"format-standard","5":"has-post-thumbnail","7":"category-aktualitet","8":"category-kryesore","9":"category-lajme","10":"category-politike"},"_links":{"self":[{"href":"https:\/\/zjarr.tv\/sq\/wp-json\/wp\/v2\/posts\/229215","targetHints":{"allow":["GET"]}}],"collection":[{"href":"https:\/\/zjarr.tv\/sq\/wp-json\/wp\/v2\/posts"}],"about":[{"href":"https:\/\/zjarr.tv\/sq\/wp-json\/wp\/v2\/types\/post"}],"author":[{"embeddable":true,"href":"https:\/\/zjarr.tv\/sq\/wp-json\/wp\/v2\/users\/2030"}],"replies":[{"embeddable":true,"href":"https:\/\/zjarr.tv\/sq\/wp-json\/wp\/v2\/comments?post=229215"}],"version-history":[{"count":0,"href":"https:\/\/zjarr.tv\/sq\/wp-json\/wp\/v2\/posts\/229215\/revisions"}],"wp:featuredmedia":[{"embeddable":true,"href":"https:\/\/zjarr.tv\/sq\/wp-json\/wp\/v2\/media\/229216"}],"wp:attachment":[{"href":"https:\/\/zjarr.tv\/sq\/wp-json\/wp\/v2\/media?parent=229215"}],"wp:term":[{"taxonomy":"category","embeddable":true,"href":"https:\/\/zjarr.tv\/sq\/wp-json\/wp\/v2\/categories?post=229215"},{"taxonomy":"post_tag","embeddable":true,"href":"https:\/\/zjarr.tv\/sq\/wp-json\/wp\/v2\/tags?post=229215"}],"curies":[{"name":"wp","href":"https:\/\/api.w.org\/{rel}","templated":true}]}}