{"id":229219,"date":"2022-01-08T12:14:29","date_gmt":"2022-01-08T11:14:29","guid":{"rendered":"https:\/\/zjarr.tv\/?p=229219"},"modified":"2022-01-08T12:15:06","modified_gmt":"2022-01-08T11:15:06","slug":"thane-se-mund-te-eleminohej-sot-enkelejd-alibeaj-reagon-ashper-sali-berisha-nxit-demokratet-vete-rri-i-fshehur","status":"publish","type":"post","link":"https:\/\/zjarr.tv\/sq\/thane-se-mund-te-eleminohej-sot-enkelejd-alibeaj-reagon-ashper-sali-berisha-nxit-demokratet-vete-rri-i-fshehur\/","title":{"rendered":"Than\u00eb se mund t\u00eb eleminohej sot, Enkelejd Alibeaj reagon ashp\u00ebr: Sali Berisha nxit demokrat\u00ebt, vet\u00eb rri i fshehur"},"content":{"rendered":"<p>N\u00ebnkryetari i PD Enkelejd Alibeaj, reagon ashp\u00ebr p\u00ebr p\u00ebrplasjet para selis\u00eb s\u00eb k\u00ebsaj force politike, ku pak momente m\u00eb par\u00eb u dhunua fizikisht dhe verbalisht Roland Bejko. Alibeaj thot\u00eb se ish-kryeministri do gjak dhe dhun\u00eb.<\/p>\n<p>Ish-deputeti i PS Spartak Braho, tha dje se nj\u00eb deputet i PD me inicialet E.A duhet t\u00eb b\u00ebnte kujdes sepse mund t\u00eb eleminohej sot. Ndaj reagimi i Alibeajt \u00ebsht\u00eb shum\u00eb i fort\u00eb.<\/p>\n<p>\u201cSali Berisha do dhune dhe gjak. Nxit demokratet te perplasen me njeri tjetrin dhe vete eshte fshehur. Turp! Kjo eshte fytyra e vertete e Sali Berishes. Te dhunoje kedo qe nuk mendon si ai\u201d, shkruan nd\u00ebr t\u00eb tjera Alibeaj, n\u00ebnkryetar i PD.<\/p>\n","protected":false},"excerpt":{"rendered":"<p>N\u00ebnkryetari i PD Enkelejd Alibeaj, reagon ashp\u00ebr p\u00ebr p\u00ebrplasjet para selis\u00eb s\u00eb k\u00ebsaj force politike, ku pak momente m\u00eb par\u00eb u dhunua fizikisht dhe verbalisht Roland Bejko. Alibeaj thot\u00eb se ish-kryeministri do gjak dhe dhun\u00eb. Ish-deputeti i PS Spartak Braho, tha dje se nj\u00eb deputet i PD me inicialet E.A duhet t\u00eb b\u00ebnte kujdes sepse [&hellip;]<\/p>\n","protected":false},"author":2030,"featured_media":211895,"comment_status":"closed","ping_status":"closed","sticky":false,"template":"","format":"standard","meta":{"footnotes":""},"categories":[241,3366,5380,1454],"tags":[],"class_list":{"0":"post-229219","1":"post","2":"type-post","3":"status-publish","4":"format-standard","5":"has-post-thumbnail","7":"category-aktualitet","8":"category-koment","9":"category-kryesore","10":"category-politike"},"_links":{"self":[{"href":"https:\/\/zjarr.tv\/sq\/wp-json\/wp\/v2\/posts\/229219","targetHints":{"allow":["GET"]}}],"collection":[{"href":"https:\/\/zjarr.tv\/sq\/wp-json\/wp\/v2\/posts"}],"about":[{"href":"https:\/\/zjarr.tv\/sq\/wp-json\/wp\/v2\/types\/post"}],"author":[{"embeddable":true,"href":"https:\/\/zjarr.tv\/sq\/wp-json\/wp\/v2\/users\/2030"}],"replies":[{"embeddable":true,"href":"https:\/\/zjarr.tv\/sq\/wp-json\/wp\/v2\/comments?post=229219"}],"version-history":[{"count":0,"href":"https:\/\/zjarr.tv\/sq\/wp-json\/wp\/v2\/posts\/229219\/revisions"}],"wp:featuredmedia":[{"embeddable":true,"href":"https:\/\/zjarr.tv\/sq\/wp-json\/wp\/v2\/media\/211895"}],"wp:attachment":[{"href":"https:\/\/zjarr.tv\/sq\/wp-json\/wp\/v2\/media?parent=229219"}],"wp:term":[{"taxonomy":"category","embeddable":true,"href":"https:\/\/zjarr.tv\/sq\/wp-json\/wp\/v2\/categories?post=229219"},{"taxonomy":"post_tag","embeddable":true,"href":"https:\/\/zjarr.tv\/sq\/wp-json\/wp\/v2\/tags?post=229219"}],"curies":[{"name":"wp","href":"https:\/\/api.w.org\/{rel}","templated":true}]}}