{"id":229227,"date":"2022-01-08T12:34:24","date_gmt":"2022-01-08T11:34:24","guid":{"rendered":"https:\/\/zjarr.tv\/?p=229227"},"modified":"2022-01-08T12:34:24","modified_gmt":"2022-01-08T11:34:24","slug":"pd-reagon-per-roland-bejkon-e-papranueshme","status":"publish","type":"post","link":"https:\/\/zjarr.tv\/sq\/pd-reagon-per-roland-bejkon-e-papranueshme\/","title":{"rendered":"PD reagon p\u00ebr Roland Bejkon: E papranueshme"},"content":{"rendered":"<p>Partia Demokratike ka reaguar menj\u00ebher\u00eb pas p\u00ebrplasjes dhe dhunimit t\u00eb Roland Bejko nga mb\u00ebshtet\u00ebsit e ish-kryeministrit Sali Berisha.<\/p>\n<p>Me an\u00eb t\u00eb nj\u00eb deklarate thuhet dhuna ndaj an\u00ebtarit t\u00eb Kryesis\u00eb qendrore t\u00eb PD, \u00ebsht\u00eb fytyra e Sali Berish\u00ebs, q\u00eb frym\u00ebzon dhun\u00eb, ushtron dhun\u00eb dhe pengon nj\u00eb sekretar t\u00eb PD t\u00eb vij\u00eb n\u00eb seli n\u00eb nj\u00eb mbledhje pune.<\/p>\n<p>\u201cDhuna e mercenar\u00ebve t\u00eb Sali Berish\u00ebs ndaj an\u00ebtarit t\u00eb Kryesis\u00eb qendrore t\u00eb PD Roland Bejko, \u00ebsht\u00eb fytyra e Sali Berish\u00ebs, q\u00eb frym\u00ebzon dhun\u00eb, ushtron dhun\u00eb dhe pengon nj\u00eb sekretar t\u00eb PD t\u00eb vij\u00eb n\u00eb seli n\u00eb nj\u00eb mbledhje pune. E papranueshme q\u00eb dhunohet nj\u00eb demokrat i or\u00ebve t\u00eb para, nj\u00eb demokrat i ndersh\u00ebm me kontribute 30 vje\u00e7are n\u00eb k\u00ebt\u00eb parti. Roland Bejko u dhunua sot vet\u00ebm se mendon ndryshe nga Sali Berisha, vet\u00ebm se nuk i sh\u00ebrben interesit t\u00eb Sali Berish\u00ebs, vet\u00ebm se ka vendosur ti sh\u00ebrbej\u00eb interesit t\u00eb demokrat\u00ebve dhe PD\u201d, thuhet n\u00eb reagim.<\/p>\n","protected":false},"excerpt":{"rendered":"<p>Partia Demokratike ka reaguar menj\u00ebher\u00eb pas p\u00ebrplasjes dhe dhunimit t\u00eb Roland Bejko nga mb\u00ebshtet\u00ebsit e ish-kryeministrit Sali Berisha. Me an\u00eb t\u00eb nj\u00eb deklarate thuhet dhuna ndaj an\u00ebtarit t\u00eb Kryesis\u00eb qendrore t\u00eb PD, \u00ebsht\u00eb fytyra e Sali Berish\u00ebs, q\u00eb frym\u00ebzon dhun\u00eb, ushtron dhun\u00eb dhe pengon nj\u00eb sekretar t\u00eb PD t\u00eb vij\u00eb n\u00eb seli n\u00eb nj\u00eb mbledhje [&hellip;]<\/p>\n","protected":false},"author":2030,"featured_media":160172,"comment_status":"closed","ping_status":"closed","sticky":false,"template":"","format":"standard","meta":{"footnotes":""},"categories":[241,5380,1454],"tags":[],"class_list":{"0":"post-229227","1":"post","2":"type-post","3":"status-publish","4":"format-standard","5":"has-post-thumbnail","7":"category-aktualitet","8":"category-kryesore","9":"category-politike"},"_links":{"self":[{"href":"https:\/\/zjarr.tv\/sq\/wp-json\/wp\/v2\/posts\/229227","targetHints":{"allow":["GET"]}}],"collection":[{"href":"https:\/\/zjarr.tv\/sq\/wp-json\/wp\/v2\/posts"}],"about":[{"href":"https:\/\/zjarr.tv\/sq\/wp-json\/wp\/v2\/types\/post"}],"author":[{"embeddable":true,"href":"https:\/\/zjarr.tv\/sq\/wp-json\/wp\/v2\/users\/2030"}],"replies":[{"embeddable":true,"href":"https:\/\/zjarr.tv\/sq\/wp-json\/wp\/v2\/comments?post=229227"}],"version-history":[{"count":0,"href":"https:\/\/zjarr.tv\/sq\/wp-json\/wp\/v2\/posts\/229227\/revisions"}],"wp:featuredmedia":[{"embeddable":true,"href":"https:\/\/zjarr.tv\/sq\/wp-json\/wp\/v2\/media\/160172"}],"wp:attachment":[{"href":"https:\/\/zjarr.tv\/sq\/wp-json\/wp\/v2\/media?parent=229227"}],"wp:term":[{"taxonomy":"category","embeddable":true,"href":"https:\/\/zjarr.tv\/sq\/wp-json\/wp\/v2\/categories?post=229227"},{"taxonomy":"post_tag","embeddable":true,"href":"https:\/\/zjarr.tv\/sq\/wp-json\/wp\/v2\/tags?post=229227"}],"curies":[{"name":"wp","href":"https:\/\/api.w.org\/{rel}","templated":true}]}}