{"id":229230,"date":"2022-01-08T12:38:41","date_gmt":"2022-01-08T11:38:41","guid":{"rendered":"https:\/\/zjarr.tv\/?p=229230"},"modified":"2022-01-08T12:38:41","modified_gmt":"2022-01-08T11:38:41","slug":"militantet-e-berishes-ofendojne-deputetin-xhelal-mziu-ia-kthen-me-te-njejten-monedhe-ku-ti-keni","status":"publish","type":"post","link":"https:\/\/zjarr.tv\/sq\/militantet-e-berishes-ofendojne-deputetin-xhelal-mziu-ia-kthen-me-te-njejten-monedhe-ku-ti-keni\/","title":{"rendered":"Militant\u00ebt e Berish\u00ebs ofendojn\u00eb deputetin! Xhelal Mziu ia kthen me t\u00eb nj\u00ebjt\u00ebn monedh\u00eb: Ku ti keni&#8230;"},"content":{"rendered":"<p>Mb\u00ebshtet\u00ebsit e Berish\u00ebs jan\u00eb mbledhur para selis\u00eb s\u00eb PD, nd\u00ebrsa nuk kursej\u00eb dhe ofendimet p\u00ebr deputetet q\u00eb futen n\u00eb selis\u00eb e Partis\u00eb Demokratike.<\/p>\n<p>Ndaj Xhelal Mziut p\u00ebrkrah\u00ebsit e Berish\u00ebs kan\u00eb l\u00ebshuar disa sharje, por edhe ky i fundit nuk ka nguruar t\u2019i p\u00ebrgjigjet.<\/p>\n<p>P\u00ebrplasja:<\/p>\n<p>Militant\u00ebt: o Xhelal, ti q\u2026 ropt!<\/p>\n<p>Xhelal Mziu: Ku ti keni\u2026<\/p>\n<p>Miliant\u00ebt: O legen m\u2026! O legen\u2026<\/p>\n","protected":false},"excerpt":{"rendered":"<p>Mb\u00ebshtet\u00ebsit e Berish\u00ebs jan\u00eb mbledhur para selis\u00eb s\u00eb PD, nd\u00ebrsa nuk kursej\u00eb dhe ofendimet p\u00ebr deputetet q\u00eb futen n\u00eb selis\u00eb e Partis\u00eb Demokratike. Ndaj Xhelal Mziut p\u00ebrkrah\u00ebsit e Berish\u00ebs kan\u00eb l\u00ebshuar disa sharje, por edhe ky i fundit nuk ka nguruar t\u2019i p\u00ebrgjigjet. P\u00ebrplasja: Militant\u00ebt: o Xhelal, ti q\u2026 ropt! Xhelal Mziu: Ku ti keni\u2026 [&hellip;]<\/p>\n","protected":false},"author":2030,"featured_media":229231,"comment_status":"closed","ping_status":"closed","sticky":false,"template":"","format":"standard","meta":{"footnotes":""},"categories":[241,5380,231,1454],"tags":[],"class_list":{"0":"post-229230","1":"post","2":"type-post","3":"status-publish","4":"format-standard","5":"has-post-thumbnail","7":"category-aktualitet","8":"category-kryesore","9":"category-lajme","10":"category-politike"},"_links":{"self":[{"href":"https:\/\/zjarr.tv\/sq\/wp-json\/wp\/v2\/posts\/229230","targetHints":{"allow":["GET"]}}],"collection":[{"href":"https:\/\/zjarr.tv\/sq\/wp-json\/wp\/v2\/posts"}],"about":[{"href":"https:\/\/zjarr.tv\/sq\/wp-json\/wp\/v2\/types\/post"}],"author":[{"embeddable":true,"href":"https:\/\/zjarr.tv\/sq\/wp-json\/wp\/v2\/users\/2030"}],"replies":[{"embeddable":true,"href":"https:\/\/zjarr.tv\/sq\/wp-json\/wp\/v2\/comments?post=229230"}],"version-history":[{"count":0,"href":"https:\/\/zjarr.tv\/sq\/wp-json\/wp\/v2\/posts\/229230\/revisions"}],"wp:featuredmedia":[{"embeddable":true,"href":"https:\/\/zjarr.tv\/sq\/wp-json\/wp\/v2\/media\/229231"}],"wp:attachment":[{"href":"https:\/\/zjarr.tv\/sq\/wp-json\/wp\/v2\/media?parent=229230"}],"wp:term":[{"taxonomy":"category","embeddable":true,"href":"https:\/\/zjarr.tv\/sq\/wp-json\/wp\/v2\/categories?post=229230"},{"taxonomy":"post_tag","embeddable":true,"href":"https:\/\/zjarr.tv\/sq\/wp-json\/wp\/v2\/tags?post=229230"}],"curies":[{"name":"wp","href":"https:\/\/api.w.org\/{rel}","templated":true}]}}