{"id":229234,"date":"2022-01-08T12:54:10","date_gmt":"2022-01-08T11:54:10","guid":{"rendered":"https:\/\/zjarr.tv\/?p=229234"},"modified":"2022-01-08T12:54:35","modified_gmt":"2022-01-08T11:54:35","slug":"mbeshtetesit-e-berishes-marrin-shkalle-per-te-hyre-ne-katin-e-dyte-disa-thyejne-kamerat-e-sigurise","status":"publish","type":"post","link":"https:\/\/zjarr.tv\/sq\/mbeshtetesit-e-berishes-marrin-shkalle-per-te-hyre-ne-katin-e-dyte-disa-thyejne-kamerat-e-sigurise\/","title":{"rendered":"Mb\u00ebshtet\u00ebsit e Berish\u00ebs marrin shkall\u00eb p\u00ebr t\u00eb hyr\u00eb n\u00eb katin e dyt\u00eb, disa thyejn\u00eb kamerat e siguris\u00eb"},"content":{"rendered":"<p>Mb\u00ebshtet\u00ebsit e Sali Berish\u00ebs jan\u00eb zhvendosur n\u00eb pjes\u00ebn e pasme t\u00eb godin\u00ebs s\u00eb PD, ku po tentojn\u00eb t\u00eb futen brenda.<\/p>\n<p>Madje disa persona mbajn\u00eb nj\u00eb shkall\u00eb t\u00eb lart\u00eb, ku di duket do tentojn\u00eb hyjn\u00eb edhe nga kati i dyt\u00eb. N\u00eb katin e dyt\u00eb ndodhet kreu i PD, Lulzim Basha ku po zhvillon nj\u00eb mbledhje me deputet\u00ebt e opozit\u00ebs.<\/p>\n<p>Protestuesit gjithashtu kan\u00eb nisur t\u00eb d\u00ebmtojn\u00eb kamerat e siguris\u00eb s\u00eb PD-s\u00eb. M\u00ebsohet se ata kan\u00eb thyer disa prej tyre, nd\u00ebrsa disa t\u00eb tjera i kan\u00eb kthyer me pamje nga sip\u00ebr.<\/p>\n","protected":false},"excerpt":{"rendered":"<p>Mb\u00ebshtet\u00ebsit e Sali Berish\u00ebs jan\u00eb zhvendosur n\u00eb pjes\u00ebn e pasme t\u00eb godin\u00ebs s\u00eb PD, ku po tentojn\u00eb t\u00eb futen brenda. Madje disa persona mbajn\u00eb nj\u00eb shkall\u00eb t\u00eb lart\u00eb, ku di duket do tentojn\u00eb hyjn\u00eb edhe nga kati i dyt\u00eb. N\u00eb katin e dyt\u00eb ndodhet kreu i PD, Lulzim Basha ku po zhvillon nj\u00eb mbledhje me [&hellip;]<\/p>\n","protected":false},"author":2030,"featured_media":229235,"comment_status":"closed","ping_status":"closed","sticky":false,"template":"","format":"standard","meta":{"footnotes":""},"categories":[241,5380,231,1454],"tags":[],"class_list":{"0":"post-229234","1":"post","2":"type-post","3":"status-publish","4":"format-standard","5":"has-post-thumbnail","7":"category-aktualitet","8":"category-kryesore","9":"category-lajme","10":"category-politike"},"_links":{"self":[{"href":"https:\/\/zjarr.tv\/sq\/wp-json\/wp\/v2\/posts\/229234","targetHints":{"allow":["GET"]}}],"collection":[{"href":"https:\/\/zjarr.tv\/sq\/wp-json\/wp\/v2\/posts"}],"about":[{"href":"https:\/\/zjarr.tv\/sq\/wp-json\/wp\/v2\/types\/post"}],"author":[{"embeddable":true,"href":"https:\/\/zjarr.tv\/sq\/wp-json\/wp\/v2\/users\/2030"}],"replies":[{"embeddable":true,"href":"https:\/\/zjarr.tv\/sq\/wp-json\/wp\/v2\/comments?post=229234"}],"version-history":[{"count":0,"href":"https:\/\/zjarr.tv\/sq\/wp-json\/wp\/v2\/posts\/229234\/revisions"}],"wp:featuredmedia":[{"embeddable":true,"href":"https:\/\/zjarr.tv\/sq\/wp-json\/wp\/v2\/media\/229235"}],"wp:attachment":[{"href":"https:\/\/zjarr.tv\/sq\/wp-json\/wp\/v2\/media?parent=229234"}],"wp:term":[{"taxonomy":"category","embeddable":true,"href":"https:\/\/zjarr.tv\/sq\/wp-json\/wp\/v2\/categories?post=229234"},{"taxonomy":"post_tag","embeddable":true,"href":"https:\/\/zjarr.tv\/sq\/wp-json\/wp\/v2\/tags?post=229234"}],"curies":[{"name":"wp","href":"https:\/\/api.w.org\/{rel}","templated":true}]}}