{"id":229261,"date":"2022-01-08T13:16:36","date_gmt":"2022-01-08T12:16:36","guid":{"rendered":"https:\/\/zjarr.tv\/?p=229261"},"modified":"2022-01-08T13:16:36","modified_gmt":"2022-01-08T12:16:36","slug":"gure-e-gaz-ne-seline-e-pd-reagon-policia-e-shtetit","status":"publish","type":"post","link":"https:\/\/zjarr.tv\/sq\/gure-e-gaz-ne-seline-e-pd-reagon-policia-e-shtetit\/","title":{"rendered":"Gur\u00eb e gaz n\u00eb selin\u00eb e PD, reagon Policia e Shtetit"},"content":{"rendered":"<p>Policia e Shtetit sqaron se asnj\u00eb nga strukturat e tyre t\u00eb angazhuara p\u00ebr garantimin e rendit dhe siguris\u00eb nuk \u00ebsht\u00eb p\u00ebrfshir\u00eb n\u00eb asnj\u00eb veprim dhe nuk ka hedhur asnj\u00eb send t\u00eb kund\u00ebrligjsh\u00ebm n\u00eb selin\u00eb e Partis\u00eb Demokratike.<\/p>\n<p>\u201cSqarojm\u00eb opinionin publik se asnj\u00eb nga strukturat e Policis\u00eb s\u00eb Shtetit t\u00eb angazhuara p\u00ebr garantimin e rendit dhe siguris\u00eb nuk \u00ebsht\u00eb p\u00ebrfshir\u00eb n\u00eb asnj\u00eb veprim dhe nuk ka hedhur asnj\u00eb send t\u00eb kund\u00ebrligjsh\u00ebm n\u00eb selin\u00eb e Partis\u00eb Demokratike, gjat\u00eb protest\u00ebs q\u00eb \u00ebsht\u00eb duke u zhvilluar.<\/p>\n<p>Policia e Shtetit \u00ebsht\u00eb t\u00ebr\u00ebsisht e angazhuar p\u00ebr t\u00eb garantuar rendin e sigurin\u00eb dhe u b\u00ebn thirrje qytetar\u00ebve q\u00eb t\u00eb distancohen nga \u00e7do akt dhune apo prishje e rendit dhe siguris\u00eb, pasi do t\u00eb p\u00ebrballen me forc\u00ebn e ligjit\u201d njofton policia.<\/p>\n","protected":false},"excerpt":{"rendered":"<p>Policia e Shtetit sqaron se asnj\u00eb nga strukturat e tyre t\u00eb angazhuara p\u00ebr garantimin e rendit dhe siguris\u00eb nuk \u00ebsht\u00eb p\u00ebrfshir\u00eb n\u00eb asnj\u00eb veprim dhe nuk ka hedhur asnj\u00eb send t\u00eb kund\u00ebrligjsh\u00ebm n\u00eb selin\u00eb e Partis\u00eb Demokratike. \u201cSqarojm\u00eb opinionin publik se asnj\u00eb nga strukturat e Policis\u00eb s\u00eb Shtetit t\u00eb angazhuara p\u00ebr garantimin e rendit dhe [&hellip;]<\/p>\n","protected":false},"author":2030,"featured_media":229262,"comment_status":"closed","ping_status":"closed","sticky":false,"template":"","format":"standard","meta":{"footnotes":""},"categories":[241,5380,231],"tags":[],"class_list":{"0":"post-229261","1":"post","2":"type-post","3":"status-publish","4":"format-standard","5":"has-post-thumbnail","7":"category-aktualitet","8":"category-kryesore","9":"category-lajme"},"_links":{"self":[{"href":"https:\/\/zjarr.tv\/sq\/wp-json\/wp\/v2\/posts\/229261","targetHints":{"allow":["GET"]}}],"collection":[{"href":"https:\/\/zjarr.tv\/sq\/wp-json\/wp\/v2\/posts"}],"about":[{"href":"https:\/\/zjarr.tv\/sq\/wp-json\/wp\/v2\/types\/post"}],"author":[{"embeddable":true,"href":"https:\/\/zjarr.tv\/sq\/wp-json\/wp\/v2\/users\/2030"}],"replies":[{"embeddable":true,"href":"https:\/\/zjarr.tv\/sq\/wp-json\/wp\/v2\/comments?post=229261"}],"version-history":[{"count":0,"href":"https:\/\/zjarr.tv\/sq\/wp-json\/wp\/v2\/posts\/229261\/revisions"}],"wp:featuredmedia":[{"embeddable":true,"href":"https:\/\/zjarr.tv\/sq\/wp-json\/wp\/v2\/media\/229262"}],"wp:attachment":[{"href":"https:\/\/zjarr.tv\/sq\/wp-json\/wp\/v2\/media?parent=229261"}],"wp:term":[{"taxonomy":"category","embeddable":true,"href":"https:\/\/zjarr.tv\/sq\/wp-json\/wp\/v2\/categories?post=229261"},{"taxonomy":"post_tag","embeddable":true,"href":"https:\/\/zjarr.tv\/sq\/wp-json\/wp\/v2\/tags?post=229261"}],"curies":[{"name":"wp","href":"https:\/\/api.w.org\/{rel}","templated":true}]}}