{"id":229265,"date":"2022-01-08T13:28:43","date_gmt":"2022-01-08T12:28:43","guid":{"rendered":"https:\/\/zjarr.tv\/?p=229265"},"modified":"2022-01-08T13:28:43","modified_gmt":"2022-01-08T12:28:43","slug":"delegacioni-i-be-deklarate-urgjente-per-situaten-te-pd-denojme-aktet-e-dhunes-thirrje-aktoreve-qe-te-permbahen","status":"publish","type":"post","link":"https:\/\/zjarr.tv\/sq\/delegacioni-i-be-deklarate-urgjente-per-situaten-te-pd-denojme-aktet-e-dhunes-thirrje-aktoreve-qe-te-permbahen\/","title":{"rendered":"Delegacioni i BE, deklarat\u00eb URGJENTE p\u00ebr situat\u00ebn te PD: D\u00ebnojm\u00eb aktet e dhun\u00ebs, thirrje aktor\u00ebve q\u00eb t\u00eb p\u00ebrmbahen"},"content":{"rendered":"<p>Delegacioni i Bashkimit Europian n\u00eb Tiran\u00eb ka raeguar pas situat\u00ebs s\u00eb dhunshme n\u00eb selin\u00eb e Partis\u00eb Demokratike.<\/p>\n<p>Delegacioni i BE d\u00ebnon aktet e dhun\u00ebs dhe i b\u00ebn thirrje aktor\u00ebve p\u00ebr vet\u00ebp\u00ebrmbajtje dhe qet\u00ebsi. \u201cNuk duhet t\u00eb ket\u00eb vend p\u00ebr dhun\u00eb n\u00eb politik\u00eb\u201d, thuhet n\u00eb deklarat\u00eb.<\/p>\n<p>Reagimi i plot\u00eb:<\/p>\n<p>Delegacioni i Bashkimit Evropian d\u00ebnon aktet e dhun\u00ebs q\u00eb kan\u00eb ndodhur sot dhe u b\u00ebn thirrje t\u00eb gjith\u00eb aktor\u00ebve t\u00eb p\u00ebrfshir\u00eb t\u00eb ushtrojn\u00eb qet\u00ebsi dhe p\u00ebrmbajtje. Nuk duhet t\u00eb ket\u00eb vend p\u00ebr dhun\u00eb n\u00eb politik\u00eb.<\/p>\n<p>T\u00eb gjith\u00eb t\u00eb p\u00ebrfshir\u00ebt kan\u00eb p\u00ebrgjegj\u00ebsin\u00eb t\u00eb sigurojn\u00eb q\u00eb demonstratat t\u00eb zhvillohen n\u00eb m\u00ebnyr\u00eb t\u00eb rregullt dhe paq\u00ebsore dhe t\u00eb garantojn\u00eb sigurin\u00eb e t\u00eb gjith\u00eb njer\u00ebzve t\u00eb pranish\u00ebm.<\/p>\n<p>Rruga e integrimit t\u00eb Shqip\u00ebris\u00eb n\u00eb BE ka nevoj\u00eb p\u00ebr nj\u00eb opozit\u00eb solide q\u00eb kontribuon n\u00eb axhend\u00ebn e reformave t\u00eb vendit, duke iu p\u00ebrgjigjur aspirat\u00ebs s\u00eb popullit shqiptar, shumica d\u00ebrrmuese e t\u00eb cilit d\u00ebshiron ta shoh\u00eb Shqip\u00ebrin\u00eb n\u00eb BE.<\/p>\n","protected":false},"excerpt":{"rendered":"<p>Delegacioni i Bashkimit Europian n\u00eb Tiran\u00eb ka raeguar pas situat\u00ebs s\u00eb dhunshme n\u00eb selin\u00eb e Partis\u00eb Demokratike. Delegacioni i BE d\u00ebnon aktet e dhun\u00ebs dhe i b\u00ebn thirrje aktor\u00ebve p\u00ebr vet\u00ebp\u00ebrmbajtje dhe qet\u00ebsi. \u201cNuk duhet t\u00eb ket\u00eb vend p\u00ebr dhun\u00eb n\u00eb politik\u00eb\u201d, thuhet n\u00eb deklarat\u00eb. Reagimi i plot\u00eb: Delegacioni i Bashkimit Evropian d\u00ebnon aktet e [&hellip;]<\/p>\n","protected":false},"author":2030,"featured_media":229266,"comment_status":"closed","ping_status":"closed","sticky":false,"template":"","format":"standard","meta":{"footnotes":""},"categories":[241,3366,1454],"tags":[],"class_list":{"0":"post-229265","1":"post","2":"type-post","3":"status-publish","4":"format-standard","5":"has-post-thumbnail","7":"category-aktualitet","8":"category-koment","9":"category-politike"},"_links":{"self":[{"href":"https:\/\/zjarr.tv\/sq\/wp-json\/wp\/v2\/posts\/229265","targetHints":{"allow":["GET"]}}],"collection":[{"href":"https:\/\/zjarr.tv\/sq\/wp-json\/wp\/v2\/posts"}],"about":[{"href":"https:\/\/zjarr.tv\/sq\/wp-json\/wp\/v2\/types\/post"}],"author":[{"embeddable":true,"href":"https:\/\/zjarr.tv\/sq\/wp-json\/wp\/v2\/users\/2030"}],"replies":[{"embeddable":true,"href":"https:\/\/zjarr.tv\/sq\/wp-json\/wp\/v2\/comments?post=229265"}],"version-history":[{"count":0,"href":"https:\/\/zjarr.tv\/sq\/wp-json\/wp\/v2\/posts\/229265\/revisions"}],"wp:featuredmedia":[{"embeddable":true,"href":"https:\/\/zjarr.tv\/sq\/wp-json\/wp\/v2\/media\/229266"}],"wp:attachment":[{"href":"https:\/\/zjarr.tv\/sq\/wp-json\/wp\/v2\/media?parent=229265"}],"wp:term":[{"taxonomy":"category","embeddable":true,"href":"https:\/\/zjarr.tv\/sq\/wp-json\/wp\/v2\/categories?post=229265"},{"taxonomy":"post_tag","embeddable":true,"href":"https:\/\/zjarr.tv\/sq\/wp-json\/wp\/v2\/tags?post=229265"}],"curies":[{"name":"wp","href":"https:\/\/api.w.org\/{rel}","templated":true}]}}