{"id":229269,"date":"2022-01-08T13:30:36","date_gmt":"2022-01-08T12:30:36","guid":{"rendered":"https:\/\/zjarr.tv\/?p=229269"},"modified":"2022-01-08T13:30:36","modified_gmt":"2022-01-08T12:30:36","slug":"dhunimi-i-roland-bejkos-reagon-gazetari-eshte-demokrat-24-karat-kur-i-ndodh-atij-nuk-e-di-cfare-mund-te-behet-me-te-tjeret","status":"publish","type":"post","link":"https:\/\/zjarr.tv\/sq\/dhunimi-i-roland-bejkos-reagon-gazetari-eshte-demokrat-24-karat-kur-i-ndodh-atij-nuk-e-di-cfare-mund-te-behet-me-te-tjeret\/","title":{"rendered":"Dhunimi i Roland Bejkos, reagon gazetari: \u00cbsht\u00eb demokrat 24 karat, kur i ndodh atij nuk e di \u00e7far\u00eb mund t\u00eb b\u00ebhet me t\u00eb tjer\u00ebt"},"content":{"rendered":"<p>Gazetari Artan Hoxha shkruan p\u00ebr dhunimin e an\u00ebtarit t\u00eb PD Rolanmd Bejko sotm, para selis\u00eb blu nga mb\u00ebhstet\u00ebs t\u00eb ish-kryeministrit Sali Berisha. Ai shkoi n\u00eb seli nga dera e pasme p\u00ebr t\u00eb marr\u00eb pjes\u00eb n\u00eb mbledhjen e thirrur nga Basha, por u dhunua fizikisht dhe verbalisht.<\/p>\n<p>Sipas Hoxh\u00ebs, kur dhunohet nj\u00eb demokrat 24 karat si Roland Bejko, \u00e7far\u00eb mund t\u00eb ndodh\u00eb me t\u00eb tjer\u00ebt.<\/p>\n<p>\u201cKur kjo i ndodh nje demokrati 24 karat, si Roland Bejkos nga Lazarati, i cili e ka shprehur gjithnje lirisht mendimin e vet, nuk e di cfare mund t\u00eb ndodh me t\u00eb tjeret\u2026 Demokrate, jeta e \u00e7do njerit prej jush, e \u00e7do shqiptari, vlen me shume se muret e \u00e7do godine partie\u2026<\/p>\n<p>Berisha mbreme premtoi, se \u00e7do demokrat edhe pse mund t\u00eb jete me Bashen, do t\u00eb trajtohet \u201cmiqesisht\u201d\u2026. Pamjet \u201cmiqesore\u201d flasin vete\u2026\u201d, shkruan gazetari dhe ndan dhe videon kur Bejko dhunohet para selis\u00eb s\u00eb Partis\u00eb Demokratike.<\/p>\n","protected":false},"excerpt":{"rendered":"<p>Gazetari Artan Hoxha shkruan p\u00ebr dhunimin e an\u00ebtarit t\u00eb PD Rolanmd Bejko sotm, para selis\u00eb blu nga mb\u00ebhstet\u00ebs t\u00eb ish-kryeministrit Sali Berisha. Ai shkoi n\u00eb seli nga dera e pasme p\u00ebr t\u00eb marr\u00eb pjes\u00eb n\u00eb mbledhjen e thirrur nga Basha, por u dhunua fizikisht dhe verbalisht. Sipas Hoxh\u00ebs, kur dhunohet nj\u00eb demokrat 24 karat si [&hellip;]<\/p>\n","protected":false},"author":2030,"featured_media":229224,"comment_status":"closed","ping_status":"closed","sticky":false,"template":"","format":"standard","meta":{"footnotes":""},"categories":[241,3366,5380,231,1454],"tags":[],"class_list":{"0":"post-229269","1":"post","2":"type-post","3":"status-publish","4":"format-standard","5":"has-post-thumbnail","7":"category-aktualitet","8":"category-koment","9":"category-kryesore","10":"category-lajme","11":"category-politike"},"_links":{"self":[{"href":"https:\/\/zjarr.tv\/sq\/wp-json\/wp\/v2\/posts\/229269","targetHints":{"allow":["GET"]}}],"collection":[{"href":"https:\/\/zjarr.tv\/sq\/wp-json\/wp\/v2\/posts"}],"about":[{"href":"https:\/\/zjarr.tv\/sq\/wp-json\/wp\/v2\/types\/post"}],"author":[{"embeddable":true,"href":"https:\/\/zjarr.tv\/sq\/wp-json\/wp\/v2\/users\/2030"}],"replies":[{"embeddable":true,"href":"https:\/\/zjarr.tv\/sq\/wp-json\/wp\/v2\/comments?post=229269"}],"version-history":[{"count":0,"href":"https:\/\/zjarr.tv\/sq\/wp-json\/wp\/v2\/posts\/229269\/revisions"}],"wp:featuredmedia":[{"embeddable":true,"href":"https:\/\/zjarr.tv\/sq\/wp-json\/wp\/v2\/media\/229224"}],"wp:attachment":[{"href":"https:\/\/zjarr.tv\/sq\/wp-json\/wp\/v2\/media?parent=229269"}],"wp:term":[{"taxonomy":"category","embeddable":true,"href":"https:\/\/zjarr.tv\/sq\/wp-json\/wp\/v2\/categories?post=229269"},{"taxonomy":"post_tag","embeddable":true,"href":"https:\/\/zjarr.tv\/sq\/wp-json\/wp\/v2\/tags?post=229269"}],"curies":[{"name":"wp","href":"https:\/\/api.w.org\/{rel}","templated":true}]}}