{"id":229272,"date":"2022-01-08T13:40:12","date_gmt":"2022-01-08T12:40:12","guid":{"rendered":"https:\/\/zjarr.tv\/?p=229272"},"modified":"2022-01-08T13:40:12","modified_gmt":"2022-01-08T12:40:12","slug":"presidenti-meta-reagon-per-protesten-te-pd-ja-thirrje-bashes-gjej-menjehere-nje-zgjidhje","status":"publish","type":"post","link":"https:\/\/zjarr.tv\/sq\/presidenti-meta-reagon-per-protesten-te-pd-ja-thirrje-bashes-gjej-menjehere-nje-zgjidhje\/","title":{"rendered":"Presidenti Meta reagon p\u00ebr protest\u00ebn te PD-ja, thirrje Bash\u00ebs: Gjej menj\u00ebher\u00eb nj\u00eb zgjidhje!"},"content":{"rendered":"<p>Presidenti Ilir Meta reagon p\u00ebr protest\u00ebn q\u00eb \u00ebsht\u00eb duke u zhvilluar n\u00eb k\u00ebto momente te selia e PD, ku mb\u00ebshtet\u00ebs t\u00eb ish-kryeministrit Sali Berisha tentojn\u00eb t\u00eb futen me forc\u00eb n\u00eb ambientet. Nuk mungojn\u00eb vandalizmat dhe aktet e dhun\u00ebs.<\/p>\n<p>Meta k\u00ebrkon nga Lulzim Basha gjetjen e nj\u00eb zgjidhje t\u00eb menj\u00ebhershme p\u00ebr qet\u00ebsimin e situat\u00ebs.<\/p>\n<p>Reagim i Presidentit t\u00eb Republik\u00ebs, Ilir Meta \u2013 8 janar 2022<\/p>\n<p>Duke ndjekur me shum\u00eb v\u00ebmendje dhe shqet\u00ebsim zhvillimet n\u00eb selin\u00eb e Partis\u00eb Demokratike, theksoj r\u00ebnd\u00ebsin\u00eb e protest\u00ebs paq\u00ebsore, si nj\u00eb e drejt\u00eb fondamentale n\u00eb demokraci, plot\u00ebsisht legjitime dhe kushtetuese, q\u00eb duhet respektuar nga t\u00eb gjith\u00eb!<\/p>\n<p>B\u00ebj thirrje p\u00ebr ruajtjen e qet\u00ebsis\u00eb, shmangien e akteve t\u00eb dhun\u00ebs, provokimeve dhe tensioneve t\u00eb panevojshme. \u00cbsht\u00eb tep\u00ebr e domosdoshme gjetja e nj\u00eb zgjidhjeje t\u00eb menj\u00ebhershme demokratike, q\u00eb i sh\u00ebrben paqes sociale dhe demokracis\u00eb n\u00eb vend.<\/p>\n","protected":false},"excerpt":{"rendered":"<p>Presidenti Ilir Meta reagon p\u00ebr protest\u00ebn q\u00eb \u00ebsht\u00eb duke u zhvilluar n\u00eb k\u00ebto momente te selia e PD, ku mb\u00ebshtet\u00ebs t\u00eb ish-kryeministrit Sali Berisha tentojn\u00eb t\u00eb futen me forc\u00eb n\u00eb ambientet. Nuk mungojn\u00eb vandalizmat dhe aktet e dhun\u00ebs. Meta k\u00ebrkon nga Lulzim Basha gjetjen e nj\u00eb zgjidhje t\u00eb menj\u00ebhershme p\u00ebr qet\u00ebsimin e situat\u00ebs. Reagim i [&hellip;]<\/p>\n","protected":false},"author":2030,"featured_media":187837,"comment_status":"closed","ping_status":"closed","sticky":false,"template":"","format":"standard","meta":{"footnotes":""},"categories":[241,3366,5380,1454],"tags":[],"class_list":{"0":"post-229272","1":"post","2":"type-post","3":"status-publish","4":"format-standard","5":"has-post-thumbnail","7":"category-aktualitet","8":"category-koment","9":"category-kryesore","10":"category-politike"},"_links":{"self":[{"href":"https:\/\/zjarr.tv\/sq\/wp-json\/wp\/v2\/posts\/229272","targetHints":{"allow":["GET"]}}],"collection":[{"href":"https:\/\/zjarr.tv\/sq\/wp-json\/wp\/v2\/posts"}],"about":[{"href":"https:\/\/zjarr.tv\/sq\/wp-json\/wp\/v2\/types\/post"}],"author":[{"embeddable":true,"href":"https:\/\/zjarr.tv\/sq\/wp-json\/wp\/v2\/users\/2030"}],"replies":[{"embeddable":true,"href":"https:\/\/zjarr.tv\/sq\/wp-json\/wp\/v2\/comments?post=229272"}],"version-history":[{"count":0,"href":"https:\/\/zjarr.tv\/sq\/wp-json\/wp\/v2\/posts\/229272\/revisions"}],"wp:featuredmedia":[{"embeddable":true,"href":"https:\/\/zjarr.tv\/sq\/wp-json\/wp\/v2\/media\/187837"}],"wp:attachment":[{"href":"https:\/\/zjarr.tv\/sq\/wp-json\/wp\/v2\/media?parent=229272"}],"wp:term":[{"taxonomy":"category","embeddable":true,"href":"https:\/\/zjarr.tv\/sq\/wp-json\/wp\/v2\/categories?post=229272"},{"taxonomy":"post_tag","embeddable":true,"href":"https:\/\/zjarr.tv\/sq\/wp-json\/wp\/v2\/tags?post=229272"}],"curies":[{"name":"wp","href":"https:\/\/api.w.org\/{rel}","templated":true}]}}