{"id":229282,"date":"2022-01-08T13:54:20","date_gmt":"2022-01-08T12:54:20","guid":{"rendered":"https:\/\/zjarr.tv\/?p=229282"},"modified":"2022-01-08T13:54:20","modified_gmt":"2022-01-08T12:54:20","slug":"basha-fitoi-betejen-vazhdon-te-qendroje-ne-zyre-pergjigjet-berisha-zhvillime-kriminale-policia-po-ben-detyrat-e-edi-rames","status":"publish","type":"post","link":"https:\/\/zjarr.tv\/sq\/basha-fitoi-betejen-vazhdon-te-qendroje-ne-zyre-pergjigjet-berisha-zhvillime-kriminale-policia-po-ben-detyrat-e-edi-rames\/","title":{"rendered":"Basha fitoi betej\u00ebn, vazhdon t\u00eb q\u00ebndroj\u00eb n\u00eb zyr\u00eb? P\u00ebrgjigjet Berisha: Zhvillime kriminale, Policia po b\u00ebn detyrat e Edi Ram\u00ebs"},"content":{"rendered":"<p>Policia ka marr\u00eb n\u00eb kontroll selin\u00eb e Partis\u00eb Demokratike e cila pas m\u00eb shum\u00eb se dy or\u00ebsh \u00ebsht\u00eb sulmuar nga mb\u00ebshtet\u00ebs t\u00eb Sali Berish\u00ebs. Ish-kryeministri Sali Berisha tha se Basha ka k\u00ebrkuar ndihm\u00ebn e Ram\u00ebs.<\/p>\n<p>Gazetari: Basha fitoi betej\u00ebn, pasi vazhdon t\u00eb q\u00ebndroj\u00eb n\u00eb zyr\u00eb?<\/p>\n<p>\u201cKjo \u00ebsht\u00eb marr\u00ebzi e qeveris\u00eb, ne po ndjekim zhvillimet kriminale ndaj protestuesve. Policia po b\u00ebn detyrat e Edi Ram\u00ebs\u201d, u p\u00ebrgjigj Berisha.<\/p>\n","protected":false},"excerpt":{"rendered":"<p>Policia ka marr\u00eb n\u00eb kontroll selin\u00eb e Partis\u00eb Demokratike e cila pas m\u00eb shum\u00eb se dy or\u00ebsh \u00ebsht\u00eb sulmuar nga mb\u00ebshtet\u00ebs t\u00eb Sali Berish\u00ebs. Ish-kryeministri Sali Berisha tha se Basha ka k\u00ebrkuar ndihm\u00ebn e Ram\u00ebs. Gazetari: Basha fitoi betej\u00ebn, pasi vazhdon t\u00eb q\u00ebndroj\u00eb n\u00eb zyr\u00eb? \u201cKjo \u00ebsht\u00eb marr\u00ebzi e qeveris\u00eb, ne po ndjekim zhvillimet kriminale [&hellip;]<\/p>\n","protected":false},"author":2030,"featured_media":229283,"comment_status":"closed","ping_status":"closed","sticky":false,"template":"","format":"standard","meta":{"footnotes":""},"categories":[241,3366,5380,1454],"tags":[],"class_list":{"0":"post-229282","1":"post","2":"type-post","3":"status-publish","4":"format-standard","5":"has-post-thumbnail","7":"category-aktualitet","8":"category-koment","9":"category-kryesore","10":"category-politike"},"_links":{"self":[{"href":"https:\/\/zjarr.tv\/sq\/wp-json\/wp\/v2\/posts\/229282","targetHints":{"allow":["GET"]}}],"collection":[{"href":"https:\/\/zjarr.tv\/sq\/wp-json\/wp\/v2\/posts"}],"about":[{"href":"https:\/\/zjarr.tv\/sq\/wp-json\/wp\/v2\/types\/post"}],"author":[{"embeddable":true,"href":"https:\/\/zjarr.tv\/sq\/wp-json\/wp\/v2\/users\/2030"}],"replies":[{"embeddable":true,"href":"https:\/\/zjarr.tv\/sq\/wp-json\/wp\/v2\/comments?post=229282"}],"version-history":[{"count":0,"href":"https:\/\/zjarr.tv\/sq\/wp-json\/wp\/v2\/posts\/229282\/revisions"}],"wp:featuredmedia":[{"embeddable":true,"href":"https:\/\/zjarr.tv\/sq\/wp-json\/wp\/v2\/media\/229283"}],"wp:attachment":[{"href":"https:\/\/zjarr.tv\/sq\/wp-json\/wp\/v2\/media?parent=229282"}],"wp:term":[{"taxonomy":"category","embeddable":true,"href":"https:\/\/zjarr.tv\/sq\/wp-json\/wp\/v2\/categories?post=229282"},{"taxonomy":"post_tag","embeddable":true,"href":"https:\/\/zjarr.tv\/sq\/wp-json\/wp\/v2\/tags?post=229282"}],"curies":[{"name":"wp","href":"https:\/\/api.w.org\/{rel}","templated":true}]}}