{"id":229286,"date":"2022-01-08T13:57:09","date_gmt":"2022-01-08T12:57:09","guid":{"rendered":"https:\/\/zjarr.tv\/?p=229286"},"modified":"2022-01-08T13:57:09","modified_gmt":"2022-01-08T12:57:09","slug":"situata-e-tensionuar-ne-seline-e-pd-disa-deputete-dalin-ne-tarrace-salianji-shfaqet-me-hu-ne-dore","status":"publish","type":"post","link":"https:\/\/zjarr.tv\/sq\/situata-e-tensionuar-ne-seline-e-pd-disa-deputete-dalin-ne-tarrace-salianji-shfaqet-me-hu-ne-dore\/","title":{"rendered":"Situata e tensionuar n\u00eb selin\u00eb e PD, disa deputet\u00eb dalin n\u00eb tarrac\u00eb,  Salianji shfaqet me \u201chu\u201d n\u00eb dor\u00eb"},"content":{"rendered":"<p>Situata ka qen\u00eb e tensionuar n\u00eb selin\u00eb e PD, ku mb\u00ebshtet\u00ebsit e Berish\u00ebs me trapan, \u00e7eki\u00e7\u00eb e mjetet t\u00eb tjera t\u00eb forta kan\u00eb thyer dyer e\u00a0 dritare n\u00eb selin\u00eb e PD.<\/p>\n<p>Nd\u00ebrkoh\u00eb q\u00eb deputetet dhe mb\u00ebshtet\u00ebsit e Lulzim Bash\u00ebs ishin brenda n\u00eb seli, ku po zhvillonin nj\u00eb mbledhje.<\/p>\n<p>Disa prej tyre dol\u00ebn edhe n\u00eb tarrac\u00eb pasi nga gazi kan\u00eb pasur probleme sh\u00ebndet\u00ebsore. N\u00eb foton e m\u00ebposhtme shohim deputetin demokrat Ervin Salianji nj\u00eb dru n\u00eb dor\u00eb. Si duket si mas\u00eb p\u00ebr tu mbrojtur nga protestuesit.<\/p>\n","protected":false},"excerpt":{"rendered":"<p>Situata ka qen\u00eb e tensionuar n\u00eb selin\u00eb e PD, ku mb\u00ebshtet\u00ebsit e Berish\u00ebs me trapan, \u00e7eki\u00e7\u00eb e mjetet t\u00eb tjera t\u00eb forta kan\u00eb thyer dyer e\u00a0 dritare n\u00eb selin\u00eb e PD. Nd\u00ebrkoh\u00eb q\u00eb deputetet dhe mb\u00ebshtet\u00ebsit e Lulzim Bash\u00ebs ishin brenda n\u00eb seli, ku po zhvillonin nj\u00eb mbledhje. Disa prej tyre dol\u00ebn edhe n\u00eb tarrac\u00eb [&hellip;]<\/p>\n","protected":false},"author":2030,"featured_media":229287,"comment_status":"closed","ping_status":"closed","sticky":false,"template":"","format":"standard","meta":{"footnotes":""},"categories":[241,231,1454],"tags":[],"class_list":{"0":"post-229286","1":"post","2":"type-post","3":"status-publish","4":"format-standard","5":"has-post-thumbnail","7":"category-aktualitet","8":"category-lajme","9":"category-politike"},"_links":{"self":[{"href":"https:\/\/zjarr.tv\/sq\/wp-json\/wp\/v2\/posts\/229286","targetHints":{"allow":["GET"]}}],"collection":[{"href":"https:\/\/zjarr.tv\/sq\/wp-json\/wp\/v2\/posts"}],"about":[{"href":"https:\/\/zjarr.tv\/sq\/wp-json\/wp\/v2\/types\/post"}],"author":[{"embeddable":true,"href":"https:\/\/zjarr.tv\/sq\/wp-json\/wp\/v2\/users\/2030"}],"replies":[{"embeddable":true,"href":"https:\/\/zjarr.tv\/sq\/wp-json\/wp\/v2\/comments?post=229286"}],"version-history":[{"count":0,"href":"https:\/\/zjarr.tv\/sq\/wp-json\/wp\/v2\/posts\/229286\/revisions"}],"wp:featuredmedia":[{"embeddable":true,"href":"https:\/\/zjarr.tv\/sq\/wp-json\/wp\/v2\/media\/229287"}],"wp:attachment":[{"href":"https:\/\/zjarr.tv\/sq\/wp-json\/wp\/v2\/media?parent=229286"}],"wp:term":[{"taxonomy":"category","embeddable":true,"href":"https:\/\/zjarr.tv\/sq\/wp-json\/wp\/v2\/categories?post=229286"},{"taxonomy":"post_tag","embeddable":true,"href":"https:\/\/zjarr.tv\/sq\/wp-json\/wp\/v2\/tags?post=229286"}],"curies":[{"name":"wp","href":"https:\/\/api.w.org\/{rel}","templated":true}]}}