{"id":229290,"date":"2022-01-08T14:02:47","date_gmt":"2022-01-08T13:02:47","guid":{"rendered":"https:\/\/zjarr.tv\/?p=229290"},"modified":"2022-01-08T14:02:47","modified_gmt":"2022-01-08T13:02:47","slug":"policia-rrethon-me-shirit-te-verdhe-seline-e-pd","status":"publish","type":"post","link":"https:\/\/zjarr.tv\/sq\/policia-rrethon-me-shirit-te-verdhe-seline-e-pd\/","title":{"rendered":"Policia rrethon me shirit t\u00eb verdh\u00eb selin\u00eb e PD"},"content":{"rendered":"<p>Vet\u00ebm pak momente m\u00eb par\u00eb pas k\u00ebrkes\u00ebs s\u00eb Partis\u00eb Demokratike, Policia e Shtetit nd\u00ebrhyri me gaz lotsjell\u00ebs dhe uj\u00eb, duke larguar k\u00ebshtu protestuesit me n\u00eb krye Sali Berish\u00ebn.<\/p>\n<p>Policia ka rrethuar godin\u00ebn e selis\u00eb s\u00eb PD me shirit t\u00eb verdh\u00eb q\u00eb karakterizon \u201csken\u00ebn e krimit\u201d.<\/p>\n<p>Protestuesit me mjete t\u00eb forta kan\u00eb thyer dhe coptuar gjith\u00e7ka q\u00eb u kan\u00eb dal\u00eb par\u00eb, deri n\u00eb momentin q\u00eb nd\u00ebrhyri policia. Tani protestuesit dhe Berisha vazhdojn\u00eb marshimin dhe jan\u00eb nisur p\u00ebr n\u00eb kryeministri.<\/p>\n","protected":false},"excerpt":{"rendered":"<p>Vet\u00ebm pak momente m\u00eb par\u00eb pas k\u00ebrkes\u00ebs s\u00eb Partis\u00eb Demokratike, Policia e Shtetit nd\u00ebrhyri me gaz lotsjell\u00ebs dhe uj\u00eb, duke larguar k\u00ebshtu protestuesit me n\u00eb krye Sali Berish\u00ebn. Policia ka rrethuar godin\u00ebn e selis\u00eb s\u00eb PD me shirit t\u00eb verdh\u00eb q\u00eb karakterizon \u201csken\u00ebn e krimit\u201d. Protestuesit me mjete t\u00eb forta kan\u00eb thyer dhe coptuar gjith\u00e7ka [&hellip;]<\/p>\n","protected":false},"author":2030,"featured_media":229291,"comment_status":"closed","ping_status":"closed","sticky":false,"template":"","format":"standard","meta":{"footnotes":""},"categories":[241],"tags":[],"class_list":{"0":"post-229290","1":"post","2":"type-post","3":"status-publish","4":"format-standard","5":"has-post-thumbnail","7":"category-aktualitet"},"_links":{"self":[{"href":"https:\/\/zjarr.tv\/sq\/wp-json\/wp\/v2\/posts\/229290","targetHints":{"allow":["GET"]}}],"collection":[{"href":"https:\/\/zjarr.tv\/sq\/wp-json\/wp\/v2\/posts"}],"about":[{"href":"https:\/\/zjarr.tv\/sq\/wp-json\/wp\/v2\/types\/post"}],"author":[{"embeddable":true,"href":"https:\/\/zjarr.tv\/sq\/wp-json\/wp\/v2\/users\/2030"}],"replies":[{"embeddable":true,"href":"https:\/\/zjarr.tv\/sq\/wp-json\/wp\/v2\/comments?post=229290"}],"version-history":[{"count":0,"href":"https:\/\/zjarr.tv\/sq\/wp-json\/wp\/v2\/posts\/229290\/revisions"}],"wp:featuredmedia":[{"embeddable":true,"href":"https:\/\/zjarr.tv\/sq\/wp-json\/wp\/v2\/media\/229291"}],"wp:attachment":[{"href":"https:\/\/zjarr.tv\/sq\/wp-json\/wp\/v2\/media?parent=229290"}],"wp:term":[{"taxonomy":"category","embeddable":true,"href":"https:\/\/zjarr.tv\/sq\/wp-json\/wp\/v2\/categories?post=229290"},{"taxonomy":"post_tag","embeddable":true,"href":"https:\/\/zjarr.tv\/sq\/wp-json\/wp\/v2\/tags?post=229290"}],"curies":[{"name":"wp","href":"https:\/\/api.w.org\/{rel}","templated":true}]}}