{"id":229294,"date":"2022-01-08T14:05:11","date_gmt":"2022-01-08T13:05:11","guid":{"rendered":"https:\/\/zjarr.tv\/?p=229294"},"modified":"2022-01-08T14:05:11","modified_gmt":"2022-01-08T13:05:11","slug":"nga-brenda-selise-erdhi-njoftimi-se-rrezikohej-jeta-kryepolici-i-tiranes-nderhyme-se-na-telefonoi-lulzim-basha-protestuesit-e-dhunshem-do-mbajne-pergjegjesi","status":"publish","type":"post","link":"https:\/\/zjarr.tv\/sq\/nga-brenda-selise-erdhi-njoftimi-se-rrezikohej-jeta-kryepolici-i-tiranes-nderhyme-se-na-telefonoi-lulzim-basha-protestuesit-e-dhunshem-do-mbajne-pergjegjesi\/","title":{"rendered":"\u201cNga brenda selis\u00eb erdhi njoftimi se rrezikohej jeta\u201d, kryepolici i Tiran\u00ebs: Nd\u00ebrhym\u00eb se na telefonoi Lulzim Basha! Protestuesit e dhunsh\u00ebm do mbajn\u00eb p\u00ebrgjegj\u00ebsi"},"content":{"rendered":"<p>Lenc Panganika, kreu i Policis\u00eb s\u00eb Tiran\u00ebs ka th\u00ebn\u00eb se ata kan\u00eb nd\u00ebrhyr\u00eb n\u00eb godin\u00ebn e PD sepse ka pasur telefonata dhe k\u00ebrkesa nga drejtuesi Lulzim Basha, se personave t\u00eb cil\u00ebt ndodheshin n\u00eb godin\u00ebn e partis\u00eb u rrezikohej jeta.<\/p>\n<p>N\u00eb nj\u00eb deklarat\u00eb p\u00ebr mediat, Panganika ka th\u00ebn\u00eb se t\u00eb gjith\u00eb protestuesit q\u00eb kan\u00eb p\u00ebrdorur akte dhune do t\u00eb mbajn\u00eb p\u00ebrgjegj\u00ebsi para ligjit dhe tashm\u00eb kan\u00eb nisur shoq\u00ebrimet e para. Godina e PD \u00ebsht\u00eb nj\u00eb vendngjarje tha ai dhe grupi hetimor po punon n\u00ebn drejtimin e Prokuroris\u00eb s\u00eb Tiran\u00ebs.<\/p>\n<p>\u201cVeprimet e protestuesve ishin t\u00eb dhunshme. Nga brenda selis\u00eb s\u00eb PD erdhi njoftimi q\u00eb rrezikohej jeta. Ne e vler\u00ebsuam q\u00eb rrezikohej jeta. Vepruam t\u00eb nd\u00ebrhym\u00eb dhe t\u00eb shp\u00ebrndanim protestuesit, p\u00ebr t\u00eb shmangur aaktet e dhunshme dhe t\u00eb siguronim jet\u00ebn e qytetar\u00ebve.<\/p>\n<p>Aktualisht oborri dhe selia e PD konsiderohet nj\u00eb vendngjarje dhe Policia e Shtetit n\u00ebn drejtimin e Prokuroris\u00eb s\u00eb Tiran\u00ebs do kryej\u00eb veprimet proceduriale n\u00eb baz\u00eb t\u00eb ligjit. Protestuesit t\u00eb gjith\u00eb ata q\u00eb kan\u00eb p\u00ebrdorur akte dhune do mbajn\u00eb p\u00ebrgjegj\u00ebsi para ligjit.<\/p>\n<p>Ndoshta mund t\u00eb ket\u00eb persona t\u00eb plagosur n\u00eb seli. Aktualisht jan\u00eb plagosur nj\u00eb efektiv dhe nj\u00eb qytetar. Kur e vler\u00ebsuam q\u00eb rrezikohej jeta, pati k\u00ebrkesa dhe telefonata. Nga drejtuesi i Partis\u00eb Demorkatike\u201d, u shpreh Lorenc Panganika, drejtues i Policis\u00eb s\u00eb Tiran\u00ebs.<\/p>\n","protected":false},"excerpt":{"rendered":"<p>Lenc Panganika, kreu i Policis\u00eb s\u00eb Tiran\u00ebs ka th\u00ebn\u00eb se ata kan\u00eb nd\u00ebrhyr\u00eb n\u00eb godin\u00ebn e PD sepse ka pasur telefonata dhe k\u00ebrkesa nga drejtuesi Lulzim Basha, se personave t\u00eb cil\u00ebt ndodheshin n\u00eb godin\u00ebn e partis\u00eb u rrezikohej jeta. N\u00eb nj\u00eb deklarat\u00eb p\u00ebr mediat, Panganika ka th\u00ebn\u00eb se t\u00eb gjith\u00eb protestuesit q\u00eb kan\u00eb p\u00ebrdorur akte [&hellip;]<\/p>\n","protected":false},"author":2030,"featured_media":229295,"comment_status":"closed","ping_status":"closed","sticky":false,"template":"","format":"standard","meta":{"footnotes":""},"categories":[241,3366,5380,231,1454],"tags":[],"class_list":{"0":"post-229294","1":"post","2":"type-post","3":"status-publish","4":"format-standard","5":"has-post-thumbnail","7":"category-aktualitet","8":"category-koment","9":"category-kryesore","10":"category-lajme","11":"category-politike"},"_links":{"self":[{"href":"https:\/\/zjarr.tv\/sq\/wp-json\/wp\/v2\/posts\/229294","targetHints":{"allow":["GET"]}}],"collection":[{"href":"https:\/\/zjarr.tv\/sq\/wp-json\/wp\/v2\/posts"}],"about":[{"href":"https:\/\/zjarr.tv\/sq\/wp-json\/wp\/v2\/types\/post"}],"author":[{"embeddable":true,"href":"https:\/\/zjarr.tv\/sq\/wp-json\/wp\/v2\/users\/2030"}],"replies":[{"embeddable":true,"href":"https:\/\/zjarr.tv\/sq\/wp-json\/wp\/v2\/comments?post=229294"}],"version-history":[{"count":0,"href":"https:\/\/zjarr.tv\/sq\/wp-json\/wp\/v2\/posts\/229294\/revisions"}],"wp:featuredmedia":[{"embeddable":true,"href":"https:\/\/zjarr.tv\/sq\/wp-json\/wp\/v2\/media\/229295"}],"wp:attachment":[{"href":"https:\/\/zjarr.tv\/sq\/wp-json\/wp\/v2\/media?parent=229294"}],"wp:term":[{"taxonomy":"category","embeddable":true,"href":"https:\/\/zjarr.tv\/sq\/wp-json\/wp\/v2\/categories?post=229294"},{"taxonomy":"post_tag","embeddable":true,"href":"https:\/\/zjarr.tv\/sq\/wp-json\/wp\/v2\/tags?post=229294"}],"curies":[{"name":"wp","href":"https:\/\/api.w.org\/{rel}","templated":true}]}}