{"id":229302,"date":"2022-01-08T14:15:21","date_gmt":"2022-01-08T13:15:21","guid":{"rendered":"https:\/\/zjarr.tv\/?p=229302"},"modified":"2022-01-08T15:01:06","modified_gmt":"2022-01-08T14:01:06","slug":"muc-nano-rrasini-brenda-ata-qe-frymezojne-protesta-te-dhunshme-u-bene-31-vite-me-kete-avaz","status":"publish","type":"post","link":"https:\/\/zjarr.tv\/sq\/muc-nano-rrasini-brenda-ata-qe-frymezojne-protesta-te-dhunshme-u-bene-31-vite-me-kete-avaz\/","title":{"rendered":"Mu\u00e7 Nano: Rrasini brenda ata q\u00eb frym\u00ebzojn\u00eb protesta t\u00eb dhunshme! U b\u00ebn\u00eb 31 vite me k\u00ebt\u00eb avaz"},"content":{"rendered":"<p>Analisti Mustafa Nano, shkruan p\u00ebr zhvillimet n\u00eb Partin\u00eb Demokratike dhe k\u00ebrkon nga shteti q\u00eb t\u00eb merren masa p\u00ebr ata q\u00eb, sipas tij, frym\u00ebzojn\u00eb dhun\u00ebn. \u201cMjaft na lat\u00eb peng t\u00eb nj\u00eb psikopati delinkuent e t\u00eb ca turmave me mend\u00ebsi pyjesh e shpellash! Jemi n\u00eb vitin 2022, ta haj\u00eb dreqi\u201d, shkruan ai nd\u00ebr t\u00eb tjera.<\/p>\n<p>Sh\u00ebnimi i Mustafa Nanos:<\/p>\n<p>Sot Berisha b\u00ebn protest\u00eb. Kan\u00eb dal\u00eb lajme se Basha ka blinduar dyert e PD-s\u00eb, se Rama ka p\u00ebrforcuar dyert e kryeministris\u00eb, se jan\u00eb marr\u00eb masa p\u00ebr t\u00eb mbrojtur nd\u00ebrtes\u00ebn e Kuvendit, se FNSH-ja \u00ebsht\u00eb v\u00ebn\u00eb n\u00eb gatishm\u00ebri, etj. T\u00eb gjith\u00eb presin t\u00eb ndodh\u00eb di\u00e7ka, dhun\u00eb, vandalizma, shkat\u00ebrrime, deri edhe vrasje. U b\u00ebn\u00eb 31 vite me k\u00ebt\u00eb avaz.<\/p>\n<p>Nuk e kuptoj pse shteti sillet n\u00eb k\u00ebt\u00eb m\u00ebnyr\u00eb, n\u00eb nj\u00eb koh\u00eb q\u00eb situata \u00ebsht\u00eb e thjesht\u00eb: Filmoni e dokumentoni dhun\u00ebn, dhe rrasini brenda ata q\u00eb ushtrojn\u00eb, frym\u00ebzojn\u00eb e udh\u00ebheqin protesta t\u00eb dhunshme. Mjaft na lat\u00eb peng t\u00eb nj\u00eb psikopati delinkuent e t\u00eb ca turmave me mend\u00ebsi pyjesh e shpellash! Jemi n\u00eb vitin 2022, ta haj\u00eb dreqi!<\/p>\n","protected":false},"excerpt":{"rendered":"<p>Analisti Mustafa Nano, shkruan p\u00ebr zhvillimet n\u00eb Partin\u00eb Demokratike dhe k\u00ebrkon nga shteti q\u00eb t\u00eb merren masa p\u00ebr ata q\u00eb, sipas tij, frym\u00ebzojn\u00eb dhun\u00ebn. \u201cMjaft na lat\u00eb peng t\u00eb nj\u00eb psikopati delinkuent e t\u00eb ca turmave me mend\u00ebsi pyjesh e shpellash! Jemi n\u00eb vitin 2022, ta haj\u00eb dreqi\u201d, shkruan ai nd\u00ebr t\u00eb tjera. Sh\u00ebnimi i [&hellip;]<\/p>\n","protected":false},"author":2030,"featured_media":202437,"comment_status":"closed","ping_status":"closed","sticky":false,"template":"","format":"standard","meta":{"footnotes":""},"categories":[241,3366,1454],"tags":[],"class_list":{"0":"post-229302","1":"post","2":"type-post","3":"status-publish","4":"format-standard","5":"has-post-thumbnail","7":"category-aktualitet","8":"category-koment","9":"category-politike"},"_links":{"self":[{"href":"https:\/\/zjarr.tv\/sq\/wp-json\/wp\/v2\/posts\/229302","targetHints":{"allow":["GET"]}}],"collection":[{"href":"https:\/\/zjarr.tv\/sq\/wp-json\/wp\/v2\/posts"}],"about":[{"href":"https:\/\/zjarr.tv\/sq\/wp-json\/wp\/v2\/types\/post"}],"author":[{"embeddable":true,"href":"https:\/\/zjarr.tv\/sq\/wp-json\/wp\/v2\/users\/2030"}],"replies":[{"embeddable":true,"href":"https:\/\/zjarr.tv\/sq\/wp-json\/wp\/v2\/comments?post=229302"}],"version-history":[{"count":0,"href":"https:\/\/zjarr.tv\/sq\/wp-json\/wp\/v2\/posts\/229302\/revisions"}],"wp:featuredmedia":[{"embeddable":true,"href":"https:\/\/zjarr.tv\/sq\/wp-json\/wp\/v2\/media\/202437"}],"wp:attachment":[{"href":"https:\/\/zjarr.tv\/sq\/wp-json\/wp\/v2\/media?parent=229302"}],"wp:term":[{"taxonomy":"category","embeddable":true,"href":"https:\/\/zjarr.tv\/sq\/wp-json\/wp\/v2\/categories?post=229302"},{"taxonomy":"post_tag","embeddable":true,"href":"https:\/\/zjarr.tv\/sq\/wp-json\/wp\/v2\/tags?post=229302"}],"curies":[{"name":"wp","href":"https:\/\/api.w.org\/{rel}","templated":true}]}}