{"id":229305,"date":"2022-01-08T14:24:05","date_gmt":"2022-01-08T13:24:05","guid":{"rendered":"https:\/\/zjarr.tv\/?p=229305"},"modified":"2022-01-08T14:24:05","modified_gmt":"2022-01-08T13:24:05","slug":"karrige-tavolina-dhe-fikese-zjarri-keto-jane-pamjet-brenda-selise-se-pd-deputetet-u-strehuan-te-zyra-e-lulzim-bashes","status":"publish","type":"post","link":"https:\/\/zjarr.tv\/sq\/karrige-tavolina-dhe-fikese-zjarri-keto-jane-pamjet-brenda-selise-se-pd-deputetet-u-strehuan-te-zyra-e-lulzim-bashes\/","title":{"rendered":"Karrige, tavolina dhe fik\u00ebse zjarri\/ K\u00ebto jan\u00eb PAMJET brenda selis\u00eb s\u00eb PD: Deputet\u00ebt \u201cu strehuan\u201d te zyra e Lulzim Bash\u00ebs"},"content":{"rendered":"<p>Situata n\u00eb Partin\u00eb Demokratike prej afro nj\u00eb ore tashm\u00eb mund t\u00eb themi se \u00ebsht\u00eb normalizuar. Protestuesit jan\u00eb shp\u00ebrndar\u00eb me shpejt\u00ebsi sapo nd\u00ebrhyn\u00eb Forcat Speciale, nd\u00ebrsa dhuna dhe vandalizmat ndaj selis\u00eb blu nuk kan\u00eb munguar.<\/p>\n<p>Gazetari Artan Hoxha ka publikuar pamjet nga brenda selis\u00eb s\u00eb PD, n\u00eb katin e dyt\u00eb, ku ndodhej Lulzim Basha dhe zyrtar\u00ebt e tjer\u00eb t\u00eb partis\u00eb. Rr\u00ebmuj\u00eb e madhe, karrige dhe tavolina t\u00eb p\u00ebrmbysura, fik\u00ebse zjarri t\u00eb l\u00ebna gjithandej p\u00ebr shkak t\u00eb situat\u00ebs s\u00eb tensionuar.<\/p>\n<p>Si\u00e7 shihet nga pamjet, t\u00eb gjitha zyrat kan\u00eb qen\u00eb bosh, pa karrige dhe tavolina. Deputet\u00ebt dhe vet\u00eb Basha, thot\u00eb Hoxha, jan\u00eb \u201cstrehuar\u201d n\u00eb zyr\u00ebn e kryetarit si ambienti m\u00eb i sigurt. Ata kan\u00eb k\u00ebrkuar ndihm\u00ebn e Policis\u00eb sepse u rrezikohej jeta dhe u nd\u00ebrhy menj\u00ebher\u00eb.<\/p>\n","protected":false},"excerpt":{"rendered":"<p>Situata n\u00eb Partin\u00eb Demokratike prej afro nj\u00eb ore tashm\u00eb mund t\u00eb themi se \u00ebsht\u00eb normalizuar. Protestuesit jan\u00eb shp\u00ebrndar\u00eb me shpejt\u00ebsi sapo nd\u00ebrhyn\u00eb Forcat Speciale, nd\u00ebrsa dhuna dhe vandalizmat ndaj selis\u00eb blu nuk kan\u00eb munguar. Gazetari Artan Hoxha ka publikuar pamjet nga brenda selis\u00eb s\u00eb PD, n\u00eb katin e dyt\u00eb, ku ndodhej Lulzim Basha dhe zyrtar\u00ebt [&hellip;]<\/p>\n","protected":false},"author":2030,"featured_media":229306,"comment_status":"closed","ping_status":"closed","sticky":false,"template":"","format":"standard","meta":{"footnotes":""},"categories":[241,5380,1454],"tags":[],"class_list":{"0":"post-229305","1":"post","2":"type-post","3":"status-publish","4":"format-standard","5":"has-post-thumbnail","7":"category-aktualitet","8":"category-kryesore","9":"category-politike"},"_links":{"self":[{"href":"https:\/\/zjarr.tv\/sq\/wp-json\/wp\/v2\/posts\/229305","targetHints":{"allow":["GET"]}}],"collection":[{"href":"https:\/\/zjarr.tv\/sq\/wp-json\/wp\/v2\/posts"}],"about":[{"href":"https:\/\/zjarr.tv\/sq\/wp-json\/wp\/v2\/types\/post"}],"author":[{"embeddable":true,"href":"https:\/\/zjarr.tv\/sq\/wp-json\/wp\/v2\/users\/2030"}],"replies":[{"embeddable":true,"href":"https:\/\/zjarr.tv\/sq\/wp-json\/wp\/v2\/comments?post=229305"}],"version-history":[{"count":0,"href":"https:\/\/zjarr.tv\/sq\/wp-json\/wp\/v2\/posts\/229305\/revisions"}],"wp:featuredmedia":[{"embeddable":true,"href":"https:\/\/zjarr.tv\/sq\/wp-json\/wp\/v2\/media\/229306"}],"wp:attachment":[{"href":"https:\/\/zjarr.tv\/sq\/wp-json\/wp\/v2\/media?parent=229305"}],"wp:term":[{"taxonomy":"category","embeddable":true,"href":"https:\/\/zjarr.tv\/sq\/wp-json\/wp\/v2\/categories?post=229305"},{"taxonomy":"post_tag","embeddable":true,"href":"https:\/\/zjarr.tv\/sq\/wp-json\/wp\/v2\/tags?post=229305"}],"curies":[{"name":"wp","href":"https:\/\/api.w.org\/{rel}","templated":true}]}}