{"id":229313,"date":"2022-01-08T14:49:19","date_gmt":"2022-01-08T13:49:19","guid":{"rendered":"https:\/\/zjarr.tv\/?p=229313"},"modified":"2022-01-08T14:49:19","modified_gmt":"2022-01-08T13:49:19","slug":"doli-nga-selia-me-hu-ne-dore-salianji-u-perdor-dhune-ndaj-nesh-brenda-kishte-dhe-gra-shtatzena","status":"publish","type":"post","link":"https:\/\/zjarr.tv\/sq\/doli-nga-selia-me-hu-ne-dore-salianji-u-perdor-dhune-ndaj-nesh-brenda-kishte-dhe-gra-shtatzena\/","title":{"rendered":"Doli nga selia me \u201chu\u201d n\u00eb dor\u00eb, Salianji: U p\u00ebrdor dhun\u00eb ndaj nesh, brenda kishte dhe gra shtatz\u00ebna"},"content":{"rendered":"<p>Deputeti Evin Salianji flet nga selia e partis\u00eb pas protest\u00ebs s\u00eb thirrur nga ish-kryeministri Sali Berisha. Ai dhe nj\u00eb grup i madh deputet\u00ebsh dhe deputetesh ndodheshin n\u00eb ambientet e brendshme t\u00eb PD kur mb\u00ebshtet\u00ebsit e Berish\u00ebs tentuan t\u00eb futen brenda me forc\u00eb.<\/p>\n<p>N\u00eb fjal\u00ebn e tij Salianji tha se ish-kryeministri po p\u00ebrdor demokrat\u00ebt, por theksoi se gazi dhe dhuna nuk jan\u00eb zgjidhje.<\/p>\n<p>\u201cNga selia e PD ku p\u00ebr fat t\u00eb keq nj\u00eb grup ish zyrtar\u00ebsh p\u00ebrdor\u00ebn cdo mjet dhune ndaj PD dhe p\u00ebrfaq\u00ebsuesve t\u00eb saj, ndaj burrave dhe grave q\u00eb kan\u00eb punuar p\u00ebr PD dhe nuk e mendojn\u00eb se zgjidhja vijn\u00eb nga gur\u00ebt dhe nga p\u00ebrplasjet. Asnj\u00eb milimet\u00ebr gjak asnj\u00eb centimet\u00ebr i k\u00ebsaj godine, nuk vlejn\u00eb m\u00eb shum\u00eb se jet\u00ebt njer\u00ebzore t\u00eb \u00e7do demokrati t\u00eb thjesht\u00eb.<\/p>\n<p>Vendosja e demokrateve ne ket\u00eb situat\u00eb tregon sesi jan\u00eb ata p\u00ebr fat te keq q\u00eb kan\u00eb dal\u00eb para demokrat\u00eb duke shfryt\u00ebzuar element\u00ebt padiskutim t\u00eb nj\u00eb d\u00ebshp\u00ebrimi q\u00eb ka sjell\u00eb mos-fitorja e zgjedhjeve, apo cdo element tjet\u00ebr q\u00eb ka t\u00eb b\u00ebj\u00eb me vendimmarrjet e lidershipit.<\/p>\n<p>Kjo nuk \u00ebsht\u00eb zgjidhja q\u00eb t\u00eb jet\u00eb i mbytur nga gazi lotsjell\u00ebs . Sic duket n\u00eb cdo centimeter te k\u00ebsaj godina. N\u00ebse \u00ebsht\u00eb kjo protest\u00eb paq\u00ebsore imagjino \u00e7far\u00eb mund t\u00eb thuhet. N\u00eb cdo cep sheh shenja t\u00eb dhun\u00ebs\u201d tha ai nd\u00ebr t\u00eb tjera.<\/p>\n","protected":false},"excerpt":{"rendered":"<p>Deputeti Evin Salianji flet nga selia e partis\u00eb pas protest\u00ebs s\u00eb thirrur nga ish-kryeministri Sali Berisha. Ai dhe nj\u00eb grup i madh deputet\u00ebsh dhe deputetesh ndodheshin n\u00eb ambientet e brendshme t\u00eb PD kur mb\u00ebshtet\u00ebsit e Berish\u00ebs tentuan t\u00eb futen brenda me forc\u00eb. N\u00eb fjal\u00ebn e tij Salianji tha se ish-kryeministri po p\u00ebrdor demokrat\u00ebt, por theksoi [&hellip;]<\/p>\n","protected":false},"author":2030,"featured_media":229314,"comment_status":"closed","ping_status":"closed","sticky":false,"template":"","format":"standard","meta":{"footnotes":""},"categories":[241,3366,5380,1454],"tags":[],"class_list":{"0":"post-229313","1":"post","2":"type-post","3":"status-publish","4":"format-standard","5":"has-post-thumbnail","7":"category-aktualitet","8":"category-koment","9":"category-kryesore","10":"category-politike"},"_links":{"self":[{"href":"https:\/\/zjarr.tv\/sq\/wp-json\/wp\/v2\/posts\/229313","targetHints":{"allow":["GET"]}}],"collection":[{"href":"https:\/\/zjarr.tv\/sq\/wp-json\/wp\/v2\/posts"}],"about":[{"href":"https:\/\/zjarr.tv\/sq\/wp-json\/wp\/v2\/types\/post"}],"author":[{"embeddable":true,"href":"https:\/\/zjarr.tv\/sq\/wp-json\/wp\/v2\/users\/2030"}],"replies":[{"embeddable":true,"href":"https:\/\/zjarr.tv\/sq\/wp-json\/wp\/v2\/comments?post=229313"}],"version-history":[{"count":0,"href":"https:\/\/zjarr.tv\/sq\/wp-json\/wp\/v2\/posts\/229313\/revisions"}],"wp:featuredmedia":[{"embeddable":true,"href":"https:\/\/zjarr.tv\/sq\/wp-json\/wp\/v2\/media\/229314"}],"wp:attachment":[{"href":"https:\/\/zjarr.tv\/sq\/wp-json\/wp\/v2\/media?parent=229313"}],"wp:term":[{"taxonomy":"category","embeddable":true,"href":"https:\/\/zjarr.tv\/sq\/wp-json\/wp\/v2\/categories?post=229313"},{"taxonomy":"post_tag","embeddable":true,"href":"https:\/\/zjarr.tv\/sq\/wp-json\/wp\/v2\/tags?post=229313"}],"curies":[{"name":"wp","href":"https:\/\/api.w.org\/{rel}","templated":true}]}}