{"id":229321,"date":"2022-01-08T15:36:52","date_gmt":"2022-01-08T14:36:52","guid":{"rendered":"https:\/\/zjarr.tv\/?p=229321"},"modified":"2022-01-08T15:36:52","modified_gmt":"2022-01-08T14:36:52","slug":"protesta-te-pd-reagon-rama-jeta-eshte-e-veshtire-por-budallenjte-e-veshtiresojne-ate-edhe-me-shume","status":"publish","type":"post","link":"https:\/\/zjarr.tv\/sq\/protesta-te-pd-reagon-rama-jeta-eshte-e-veshtire-por-budallenjte-e-veshtiresojne-ate-edhe-me-shume\/","title":{"rendered":"Protesta  te PD, reagon Rama: Jeta \u00ebsht\u00eb e v\u00ebshtir\u00eb, por budallenjt\u00eb e v\u00ebshtir\u00ebsojn\u00eb at\u00eb edhe m\u00eb shum\u00eb"},"content":{"rendered":"<p>Kryeministri Edi Rama ka reaguar pas protest\u00ebs s\u00eb dhunshme q\u00eb u mbajt n\u00eb selin\u00eb e PD-s\u00eb. Duke risjell\u00eb n\u00eb v\u00ebmendje nj\u00eb shprehje t\u00eb John Wayne, Rama thot\u00eb se jeta \u00ebsht\u00eb e v\u00ebshtir\u00eb, por ajo b\u00ebhet dhe m\u00eb keq n\u00ebse ke p\u00ebrball\u00eb budallenj.<\/p>\n<p>Rama: Jeta \u00ebsht\u00eb e v\u00ebshtir\u00eb, por budallenjt\u00eb e v\u00ebshtir\u00ebsojn\u00eb at\u00eb edhe m\u00eb shum\u00eb.<\/p>\n<p>Ky \u00ebsht\u00eb reagimi i par\u00eb q\u00eb b\u00ebhet nga kryeministri Edi Rama pas protest\u00ebs q\u00eb u mbajt sot n\u00eb selin\u00eb e PD-s\u00eb, mes mb\u00ebshtet\u00ebsve t\u00eb Berish\u00ebs dhe t\u00eb Bash\u00ebs.<\/p>\n<p>Gjat\u00eb protest\u00ebs s\u00eb sotme nuk munguan p\u00ebrplasjet e dhunshme, ku Lulzim Basha dhe drejtuesit e tjer\u00eb t\u00eb policis\u00eb thirr\u00ebn n\u00eb mbrojtje punonj\u00ebsit e policis\u00eb s\u00eb shtetit, p\u00ebr tiu shp\u00ebtuar mb\u00ebshtet\u00ebsve t\u00eb tyre.<\/p>\n","protected":false},"excerpt":{"rendered":"<p>Kryeministri Edi Rama ka reaguar pas protest\u00ebs s\u00eb dhunshme q\u00eb u mbajt n\u00eb selin\u00eb e PD-s\u00eb. Duke risjell\u00eb n\u00eb v\u00ebmendje nj\u00eb shprehje t\u00eb John Wayne, Rama thot\u00eb se jeta \u00ebsht\u00eb e v\u00ebshtir\u00eb, por ajo b\u00ebhet dhe m\u00eb keq n\u00ebse ke p\u00ebrball\u00eb budallenj. Rama: Jeta \u00ebsht\u00eb e v\u00ebshtir\u00eb, por budallenjt\u00eb e v\u00ebshtir\u00ebsojn\u00eb at\u00eb edhe m\u00eb shum\u00eb. [&hellip;]<\/p>\n","protected":false},"author":2030,"featured_media":229322,"comment_status":"closed","ping_status":"closed","sticky":false,"template":"","format":"standard","meta":{"footnotes":""},"categories":[241,1454],"tags":[],"class_list":{"0":"post-229321","1":"post","2":"type-post","3":"status-publish","4":"format-standard","5":"has-post-thumbnail","7":"category-aktualitet","8":"category-politike"},"_links":{"self":[{"href":"https:\/\/zjarr.tv\/sq\/wp-json\/wp\/v2\/posts\/229321","targetHints":{"allow":["GET"]}}],"collection":[{"href":"https:\/\/zjarr.tv\/sq\/wp-json\/wp\/v2\/posts"}],"about":[{"href":"https:\/\/zjarr.tv\/sq\/wp-json\/wp\/v2\/types\/post"}],"author":[{"embeddable":true,"href":"https:\/\/zjarr.tv\/sq\/wp-json\/wp\/v2\/users\/2030"}],"replies":[{"embeddable":true,"href":"https:\/\/zjarr.tv\/sq\/wp-json\/wp\/v2\/comments?post=229321"}],"version-history":[{"count":0,"href":"https:\/\/zjarr.tv\/sq\/wp-json\/wp\/v2\/posts\/229321\/revisions"}],"wp:featuredmedia":[{"embeddable":true,"href":"https:\/\/zjarr.tv\/sq\/wp-json\/wp\/v2\/media\/229322"}],"wp:attachment":[{"href":"https:\/\/zjarr.tv\/sq\/wp-json\/wp\/v2\/media?parent=229321"}],"wp:term":[{"taxonomy":"category","embeddable":true,"href":"https:\/\/zjarr.tv\/sq\/wp-json\/wp\/v2\/categories?post=229321"},{"taxonomy":"post_tag","embeddable":true,"href":"https:\/\/zjarr.tv\/sq\/wp-json\/wp\/v2\/tags?post=229321"}],"curies":[{"name":"wp","href":"https:\/\/api.w.org\/{rel}","templated":true}]}}