{"id":229325,"date":"2022-01-08T15:52:25","date_gmt":"2022-01-08T14:52:25","guid":{"rendered":"https:\/\/zjarr.tv\/?p=229325"},"modified":"2022-01-08T15:52:25","modified_gmt":"2022-01-08T14:52:25","slug":"kim-mehmeti-nga-sot-e-tutje-emblema-e-pd-do-simbolizoje-turpin-e-sotem-godina-e-saj-do-jete-vendi-i-krimit","status":"publish","type":"post","link":"https:\/\/zjarr.tv\/sq\/kim-mehmeti-nga-sot-e-tutje-emblema-e-pd-do-simbolizoje-turpin-e-sotem-godina-e-saj-do-jete-vendi-i-krimit\/","title":{"rendered":"Kim Mehmeti: Nga sot e tutje, emblema e PD do simbolizoj\u00eb turpin e sot\u00ebm! Godina e saj do jet\u00eb vendi i krimit"},"content":{"rendered":"<p>Analisti i njohur shqiptar nga Maqedonia, Kim Mehmeti raegon pas protest\u00ebs s\u00eb dhunshme t\u00eb ish-kryeministrit Sali Berisha p\u00ebr t\u00eb marr\u00eb godin\u00ebn e PD-s\u00eb n\u00eb Tiran\u00eb. Mehmeti e quan t\u00eb turpshme, dhe sjellje mesjetare at\u00eb q\u00eb ndodhi te selia e PD-s\u00eb.<\/p>\n<p>Ai shprehet se politikan\u00ebt \u201cshkelin edhe mbi kufoma, sepse besojn\u00eb se jan\u00eb pronar\u00eb t\u00eb p\u00ebrjetsh\u00ebm t\u00eb pushtetit dhe shtetit\u201d, nd\u00ebrsa shon se nga sot, emblema e PD-s\u00eb do t\u00eb jet\u00eb turpi i asaj q\u00eb ndodhi sot.<\/p>\n<p>Komenti i plot\u00eb:<\/p>\n<p>Sa e turpshme \u00ebsht\u00eb ajo q\u00eb ndodh te selia e Partis\u00eb Demokratike n\u00eb Tiran\u00eb.\u00a0Gabojn\u00eb ata q\u00eb mendojn\u00eb se ky turp u takon vet\u00ebm atyre q\u00eb e mbrojn\u00eb dhe atyre q\u00eb duan ta pushtojn\u00eb \u2018kalan\u00eb\u2019 e PD-s\u00eb!<\/p>\n<p>Jo, ai turp na bie n\u00eb hise edhe neve q\u00eb ua humb\u00ebm kuptimin fjal\u00ebve, ne q\u00eb kurr\u00eb nuk i treguam k\u00ebtij populli se \u00ebsht\u00eb n\u00eb duart e politikan\u00ebve q\u00eb shkelin edhe mbi kufoma, sepse besojn\u00eb se jan\u00eb pronar\u00eb t\u00eb p\u00ebrjetsh\u00ebm t\u00eb pushtetit dhe shtetit.<\/p>\n<p>Dhe kur i sheh gjitha ato skena t\u00eb neveritshme dhe t\u00eb paimagjinueshme mesjetare q\u00eb i p\u00ebrdorin ata q\u00eb e mbrojn\u00eb dhe ata q\u00eb e sulmojn\u00eb \u2018k\u00ebshtjell\u00ebn\u2019 e PD-s\u00eb, nuk mund ta shmang\u00ebsh pyetjen: si \u00ebsht\u00eb e mundur q\u00eb shqiptaria t\u00eb duroj\u00eb t\u00ebr\u00eb k\u00ebt\u00eb marr\u00ebzi e t\u00ebr\u00eb k\u00ebt\u00eb turp?<\/p>\n<p>Dhe \u00e7ka do q\u00eb t\u00eb ndodh te godina e PD-s\u00eb, nj\u00eb gj\u00eb \u00ebsht\u00eb e qart\u00eb: nga sot e tutje, emblema e k\u00ebsaj partie do simbolizoj\u00eb edhe turpin e sot\u00ebm! E godina e saj do jet\u00eb vend krimi ku \u2018ra\u2019 PD-ja, ajo m\u00eb nuk i takon askujt, ajo \u00ebsht\u00eb vend ku Shqip\u00ebria dhe shqiptaria u p\u00ebrball\u00ebn me mjerimin e vet politik.<\/p>\n","protected":false},"excerpt":{"rendered":"<p>Analisti i njohur shqiptar nga Maqedonia, Kim Mehmeti raegon pas protest\u00ebs s\u00eb dhunshme t\u00eb ish-kryeministrit Sali Berisha p\u00ebr t\u00eb marr\u00eb godin\u00ebn e PD-s\u00eb n\u00eb Tiran\u00eb. Mehmeti e quan t\u00eb turpshme, dhe sjellje mesjetare at\u00eb q\u00eb ndodhi te selia e PD-s\u00eb. Ai shprehet se politikan\u00ebt \u201cshkelin edhe mbi kufoma, sepse besojn\u00eb se jan\u00eb pronar\u00eb t\u00eb p\u00ebrjetsh\u00ebm [&hellip;]<\/p>\n","protected":false},"author":2030,"featured_media":186087,"comment_status":"closed","ping_status":"closed","sticky":false,"template":"","format":"standard","meta":{"footnotes":""},"categories":[241,5380,1454],"tags":[],"class_list":{"0":"post-229325","1":"post","2":"type-post","3":"status-publish","4":"format-standard","5":"has-post-thumbnail","7":"category-aktualitet","8":"category-kryesore","9":"category-politike"},"_links":{"self":[{"href":"https:\/\/zjarr.tv\/sq\/wp-json\/wp\/v2\/posts\/229325","targetHints":{"allow":["GET"]}}],"collection":[{"href":"https:\/\/zjarr.tv\/sq\/wp-json\/wp\/v2\/posts"}],"about":[{"href":"https:\/\/zjarr.tv\/sq\/wp-json\/wp\/v2\/types\/post"}],"author":[{"embeddable":true,"href":"https:\/\/zjarr.tv\/sq\/wp-json\/wp\/v2\/users\/2030"}],"replies":[{"embeddable":true,"href":"https:\/\/zjarr.tv\/sq\/wp-json\/wp\/v2\/comments?post=229325"}],"version-history":[{"count":0,"href":"https:\/\/zjarr.tv\/sq\/wp-json\/wp\/v2\/posts\/229325\/revisions"}],"wp:featuredmedia":[{"embeddable":true,"href":"https:\/\/zjarr.tv\/sq\/wp-json\/wp\/v2\/media\/186087"}],"wp:attachment":[{"href":"https:\/\/zjarr.tv\/sq\/wp-json\/wp\/v2\/media?parent=229325"}],"wp:term":[{"taxonomy":"category","embeddable":true,"href":"https:\/\/zjarr.tv\/sq\/wp-json\/wp\/v2\/categories?post=229325"},{"taxonomy":"post_tag","embeddable":true,"href":"https:\/\/zjarr.tv\/sq\/wp-json\/wp\/v2\/tags?post=229325"}],"curies":[{"name":"wp","href":"https:\/\/api.w.org\/{rel}","templated":true}]}}