{"id":229328,"date":"2022-01-08T15:56:56","date_gmt":"2022-01-08T14:56:56","guid":{"rendered":"https:\/\/zjarr.tv\/?p=229328"},"modified":"2022-01-08T15:56:56","modified_gmt":"2022-01-08T14:56:56","slug":"pak-dinjitet-zoteri-armina-mevlani-reagon-per-protesten-e-thirrur-nga-berisha-ska-bere-vaki-qe-dikush-te-qendroje-me-dhune-kur-se-duan","status":"publish","type":"post","link":"https:\/\/zjarr.tv\/sq\/pak-dinjitet-zoteri-armina-mevlani-reagon-per-protesten-e-thirrur-nga-berisha-ska-bere-vaki-qe-dikush-te-qendroje-me-dhune-kur-se-duan\/","title":{"rendered":"\u201cPak dinjitet zot\u00ebri\u201d, Armina Mevlani reagon p\u00ebr protest\u00ebn e thirrur nga Berisha: S\u2019ka b\u00ebr\u00eb vaki q\u00eb dikush t\u00eb q\u00ebndroj\u00eb me dhun\u00eb kur se duan"},"content":{"rendered":"<p>Armina Mevlani, partnerja e Shkl\u00ebzen Berish\u00ebs, djalit t\u00eb ish-kryeministrit Sali Berisha ka reaguar p\u00ebr protest\u00ebn e sotme, e cila u zhvillua n\u00eb selin\u00eb e PD-s\u00eb.<\/p>\n<p>Ajo shkruan se nuk ka b\u00ebr\u00eb vaki q\u00eb dikush t\u00eb q\u00ebndroj\u00eb me dhun\u00eb n\u00eb detyr\u00eb, kur demokrat\u00ebt nuk e duan. Sipas saj opozita e v\u00ebrtet\u00eb \u00ebsht\u00eb dhunuar, nd\u00ebrsa \u201copozita false\u201d \u00ebsht\u00eb mb\u00ebshtetur nga Policia e Shtetit.<\/p>\n<p>\u201cKjo \u00ebsht\u00eb situata e trisht\u00eb ku ndodhet sot opozita \u2018fallco\u2019 e mb\u00ebshtetur nga policia e Shtetit. Dhe opozita e v\u00ebrtet\u00eb e dhunuar sepse d\u00ebshiron q\u00eb t\u00eb hyj\u00eb n\u00eb sht\u00ebpin\u00eb e vet. Me t\u00eb drejt\u00eb dhe vota t\u00eb plota! Nuk ka b\u00ebr\u00eb vaki q\u00eb dikush t\u00eb q\u00ebndroj\u00eb me dhun\u00eb kur demokrat\u00ebt nuk e duan. Pak dinjitet zot\u00ebri. Pak dinjitet. Megjith\u00ebse dinjitetin e ke fjal\u00eb t\u00eb huaj. Sepse po ta njihje do t\u00eb ishe larguar q\u00eb kur humbe p\u00ebr her\u00eb t\u00eb 100.\u201d, shkruan Mevlani.<\/p>\n","protected":false},"excerpt":{"rendered":"<p>Armina Mevlani, partnerja e Shkl\u00ebzen Berish\u00ebs, djalit t\u00eb ish-kryeministrit Sali Berisha ka reaguar p\u00ebr protest\u00ebn e sotme, e cila u zhvillua n\u00eb selin\u00eb e PD-s\u00eb. Ajo shkruan se nuk ka b\u00ebr\u00eb vaki q\u00eb dikush t\u00eb q\u00ebndroj\u00eb me dhun\u00eb n\u00eb detyr\u00eb, kur demokrat\u00ebt nuk e duan. Sipas saj opozita e v\u00ebrtet\u00eb \u00ebsht\u00eb dhunuar, nd\u00ebrsa \u201copozita false\u201d [&hellip;]<\/p>\n","protected":false},"author":2030,"featured_media":229329,"comment_status":"closed","ping_status":"closed","sticky":false,"template":"","format":"standard","meta":{"footnotes":""},"categories":[241,3366,5380,231,1454],"tags":[],"class_list":{"0":"post-229328","1":"post","2":"type-post","3":"status-publish","4":"format-standard","5":"has-post-thumbnail","7":"category-aktualitet","8":"category-koment","9":"category-kryesore","10":"category-lajme","11":"category-politike"},"_links":{"self":[{"href":"https:\/\/zjarr.tv\/sq\/wp-json\/wp\/v2\/posts\/229328","targetHints":{"allow":["GET"]}}],"collection":[{"href":"https:\/\/zjarr.tv\/sq\/wp-json\/wp\/v2\/posts"}],"about":[{"href":"https:\/\/zjarr.tv\/sq\/wp-json\/wp\/v2\/types\/post"}],"author":[{"embeddable":true,"href":"https:\/\/zjarr.tv\/sq\/wp-json\/wp\/v2\/users\/2030"}],"replies":[{"embeddable":true,"href":"https:\/\/zjarr.tv\/sq\/wp-json\/wp\/v2\/comments?post=229328"}],"version-history":[{"count":0,"href":"https:\/\/zjarr.tv\/sq\/wp-json\/wp\/v2\/posts\/229328\/revisions"}],"wp:featuredmedia":[{"embeddable":true,"href":"https:\/\/zjarr.tv\/sq\/wp-json\/wp\/v2\/media\/229329"}],"wp:attachment":[{"href":"https:\/\/zjarr.tv\/sq\/wp-json\/wp\/v2\/media?parent=229328"}],"wp:term":[{"taxonomy":"category","embeddable":true,"href":"https:\/\/zjarr.tv\/sq\/wp-json\/wp\/v2\/categories?post=229328"},{"taxonomy":"post_tag","embeddable":true,"href":"https:\/\/zjarr.tv\/sq\/wp-json\/wp\/v2\/tags?post=229328"}],"curies":[{"name":"wp","href":"https:\/\/api.w.org\/{rel}","templated":true}]}}