{"id":229332,"date":"2022-01-08T16:02:02","date_gmt":"2022-01-08T15:02:02","guid":{"rendered":"https:\/\/zjarr.tv\/?p=229332"},"modified":"2022-01-08T16:02:02","modified_gmt":"2022-01-08T15:02:02","slug":"dhuna-ne-seline-e-pd-erion-brace-sbehet-fjale-per-godinen-por-imazhin-e-shqiperise-ligji-te-veproje-i-barabarte-per-te-gjithe","status":"publish","type":"post","link":"https:\/\/zjarr.tv\/sq\/dhuna-ne-seline-e-pd-erion-brace-sbehet-fjale-per-godinen-por-imazhin-e-shqiperise-ligji-te-veproje-i-barabarte-per-te-gjithe\/","title":{"rendered":"Dhuna n\u00eb selin\u00eb e PD, Erion Bra\u00e7e: S\u2019b\u00ebhet fjal\u00eb p\u00ebr godin\u00ebn, por imazhin e Shqip\u00ebris\u00eb, ligji t\u00eb veproj\u00eb i barabart\u00eb p\u00ebr t\u00eb gjith\u00eb"},"content":{"rendered":"<p>Deputeti Erion Bra\u00e7e ka reaguar p\u00ebr protest\u00ebn e mbajtur nga Sali Berisha dhe mb\u00ebshtet\u00ebsit e tij n\u00eb selin\u00eb e PD. Bra\u00e7e me an\u00eb t\u00eb nj\u00eb postimi n\u00eb rrjetet sociale shkruan se nuk b\u00ebhet fjal\u00eb p\u00ebr godin\u00ebn, por p\u00ebr Shqip\u00ebrin\u00eb dhe imazhin e saj si an\u00ebtare e NATO-s, apo K\u00ebshillit t\u00eb Sigurimit.<\/p>\n<p>Nd\u00ebr t\u00eb tjera ai shkruan \u201ctani eshte domosdoshmeri LIGJI, zbatimi i tij, i drejte, i barabarte e i njejte per te gjithe, per cdo pale qe mori e merr persiper ta shkele, dhunoje, zhbeje\u201d.<\/p>\n<p>Postimi i plot\u00eb i Bra\u00e7es:<\/p>\n<p>NUK BEHET ME FJALE PER GODINEN E KETIJ APO ATIJ! BEHET FJALE PER #SHQIPERINE, IMAZHIN E ROLIN E SAJ SI ANETARE E NATO-s, ANETARE E KESHILLIT TE SIGURIMIT, GATI NE NEGOCIATA ME BE PER ANETARESIM! Ndaj tani ka rendesi vetem nje gje: SHQIPERIA!<\/p>\n<p>Per te, tani eshte domosdoshmeri LIGJI, zbatimi i tij, i drejte, i barabarte e i njejte per te gjithe, per cdo pale qe mori e merr persiper ta shkele, dhunoje, zhbeje!<\/p>\n<p>MINIMI I LIGJIT ESHTE KRIM, KUDO!<\/p>\n","protected":false},"excerpt":{"rendered":"<p>Deputeti Erion Bra\u00e7e ka reaguar p\u00ebr protest\u00ebn e mbajtur nga Sali Berisha dhe mb\u00ebshtet\u00ebsit e tij n\u00eb selin\u00eb e PD. Bra\u00e7e me an\u00eb t\u00eb nj\u00eb postimi n\u00eb rrjetet sociale shkruan se nuk b\u00ebhet fjal\u00eb p\u00ebr godin\u00ebn, por p\u00ebr Shqip\u00ebrin\u00eb dhe imazhin e saj si an\u00ebtare e NATO-s, apo K\u00ebshillit t\u00eb Sigurimit. Nd\u00ebr t\u00eb tjera ai [&hellip;]<\/p>\n","protected":false},"author":2030,"featured_media":188080,"comment_status":"closed","ping_status":"closed","sticky":false,"template":"","format":"standard","meta":{"footnotes":""},"categories":[241,3366,1454],"tags":[],"class_list":{"0":"post-229332","1":"post","2":"type-post","3":"status-publish","4":"format-standard","5":"has-post-thumbnail","7":"category-aktualitet","8":"category-koment","9":"category-politike"},"_links":{"self":[{"href":"https:\/\/zjarr.tv\/sq\/wp-json\/wp\/v2\/posts\/229332","targetHints":{"allow":["GET"]}}],"collection":[{"href":"https:\/\/zjarr.tv\/sq\/wp-json\/wp\/v2\/posts"}],"about":[{"href":"https:\/\/zjarr.tv\/sq\/wp-json\/wp\/v2\/types\/post"}],"author":[{"embeddable":true,"href":"https:\/\/zjarr.tv\/sq\/wp-json\/wp\/v2\/users\/2030"}],"replies":[{"embeddable":true,"href":"https:\/\/zjarr.tv\/sq\/wp-json\/wp\/v2\/comments?post=229332"}],"version-history":[{"count":0,"href":"https:\/\/zjarr.tv\/sq\/wp-json\/wp\/v2\/posts\/229332\/revisions"}],"wp:featuredmedia":[{"embeddable":true,"href":"https:\/\/zjarr.tv\/sq\/wp-json\/wp\/v2\/media\/188080"}],"wp:attachment":[{"href":"https:\/\/zjarr.tv\/sq\/wp-json\/wp\/v2\/media?parent=229332"}],"wp:term":[{"taxonomy":"category","embeddable":true,"href":"https:\/\/zjarr.tv\/sq\/wp-json\/wp\/v2\/categories?post=229332"},{"taxonomy":"post_tag","embeddable":true,"href":"https:\/\/zjarr.tv\/sq\/wp-json\/wp\/v2\/tags?post=229332"}],"curies":[{"name":"wp","href":"https:\/\/api.w.org\/{rel}","templated":true}]}}