{"id":229335,"date":"2022-01-08T16:05:18","date_gmt":"2022-01-08T15:05:18","guid":{"rendered":"https:\/\/zjarr.tv\/?p=229335"},"modified":"2022-01-08T16:05:18","modified_gmt":"2022-01-08T15:05:18","slug":"protesta-te-selia-e-pd-ministri-cuci-profesionalizem-pergezime-policia","status":"publish","type":"post","link":"https:\/\/zjarr.tv\/sq\/protesta-te-selia-e-pd-ministri-cuci-profesionalizem-pergezime-policia\/","title":{"rendered":"Protesta te selia e PD, ministri \u00c7u\u00e7i: Profesionaliz\u00ebm, p\u00ebrg\u00ebzime policia!"},"content":{"rendered":"<p>Bledi \u00c7u\u00e7i ka reaguar n\u00eb lidhje me dhun\u00ebn e ushtruar nga policia dhe gazin lotsjell\u00ebs n\u00eb prostest\u00ebn e thirrur nga Sali Berisha. P\u00ebrmes nj\u00eb postimi, ai ka th\u00ebn\u00eb se policia tregoi se \u00ebsht\u00eb e depolitizuar.<\/p>\n<p>Postimi i \u00c7u\u00e7it:<\/p>\n<p>Policia e Shtetit tregoi edhe nj\u00ebher\u00eb sot nj\u00eb sjellje profesionale n\u00eb garantimin e rendit dhe siguris\u00eb publike. D\u00ebshmoi gjithashtu se \u00ebsht\u00eb nj\u00eb trup\u00eb e depolitizuar dhe t\u00ebr\u00ebsisht e angazhuar p\u00ebr t\u00eb siguruar jet\u00ebn dhe pron\u00ebn e qytetar\u00ebve. Protestat paq\u00ebsore jan\u00eb themelore n\u00eb demokraci, por aktet e dhun\u00ebs dhe tentativat p\u00ebr t\u00eb c\u00ebnuar rendin publik nuk do t\u00eb tolerohen. Policia e Shtetit \u00ebsht\u00eb e vendosur p\u00ebr t\u00eb vijuar pun\u00ebn dhe misionin q\u00eb i ngarkon ligji. P\u00ebrg\u00ebzime Policia e Shtetit.<\/p>\n","protected":false},"excerpt":{"rendered":"<p>Bledi \u00c7u\u00e7i ka reaguar n\u00eb lidhje me dhun\u00ebn e ushtruar nga policia dhe gazin lotsjell\u00ebs n\u00eb prostest\u00ebn e thirrur nga Sali Berisha. P\u00ebrmes nj\u00eb postimi, ai ka th\u00ebn\u00eb se policia tregoi se \u00ebsht\u00eb e depolitizuar. Postimi i \u00c7u\u00e7it: Policia e Shtetit tregoi edhe nj\u00ebher\u00eb sot nj\u00eb sjellje profesionale n\u00eb garantimin e rendit dhe siguris\u00eb publike. [&hellip;]<\/p>\n","protected":false},"author":2030,"featured_media":229336,"comment_status":"closed","ping_status":"closed","sticky":false,"template":"","format":"standard","meta":{"footnotes":""},"categories":[241],"tags":[],"class_list":{"0":"post-229335","1":"post","2":"type-post","3":"status-publish","4":"format-standard","5":"has-post-thumbnail","7":"category-aktualitet"},"_links":{"self":[{"href":"https:\/\/zjarr.tv\/sq\/wp-json\/wp\/v2\/posts\/229335","targetHints":{"allow":["GET"]}}],"collection":[{"href":"https:\/\/zjarr.tv\/sq\/wp-json\/wp\/v2\/posts"}],"about":[{"href":"https:\/\/zjarr.tv\/sq\/wp-json\/wp\/v2\/types\/post"}],"author":[{"embeddable":true,"href":"https:\/\/zjarr.tv\/sq\/wp-json\/wp\/v2\/users\/2030"}],"replies":[{"embeddable":true,"href":"https:\/\/zjarr.tv\/sq\/wp-json\/wp\/v2\/comments?post=229335"}],"version-history":[{"count":0,"href":"https:\/\/zjarr.tv\/sq\/wp-json\/wp\/v2\/posts\/229335\/revisions"}],"wp:featuredmedia":[{"embeddable":true,"href":"https:\/\/zjarr.tv\/sq\/wp-json\/wp\/v2\/media\/229336"}],"wp:attachment":[{"href":"https:\/\/zjarr.tv\/sq\/wp-json\/wp\/v2\/media?parent=229335"}],"wp:term":[{"taxonomy":"category","embeddable":true,"href":"https:\/\/zjarr.tv\/sq\/wp-json\/wp\/v2\/categories?post=229335"},{"taxonomy":"post_tag","embeddable":true,"href":"https:\/\/zjarr.tv\/sq\/wp-json\/wp\/v2\/tags?post=229335"}],"curies":[{"name":"wp","href":"https:\/\/api.w.org\/{rel}","templated":true}]}}