{"id":229339,"date":"2022-01-08T16:08:30","date_gmt":"2022-01-08T15:08:30","guid":{"rendered":"https:\/\/zjarr.tv\/?p=229339"},"modified":"2022-01-08T16:08:30","modified_gmt":"2022-01-08T15:08:30","slug":"ah-sa-keq-majlinda-bregu-reagon-e-trishtuar-shkaterrimi-i-pd-se-projekti-me-i-qarte-politik","status":"publish","type":"post","link":"https:\/\/zjarr.tv\/sq\/ah-sa-keq-majlinda-bregu-reagon-e-trishtuar-shkaterrimi-i-pd-se-projekti-me-i-qarte-politik\/","title":{"rendered":"\u201cAh sa keq!\u201d, Majlinda Bregu reagon e trishtuar: Shkat\u00ebrrimi i PD-s\u00eb, projekti m\u00eb i qart\u00eb politik!"},"content":{"rendered":"<p>Ish-deputetja e demokrate Majlinda Bregu ka reaguar p\u00ebr situat\u00ebn e dhunshme dit\u00ebn e sotme gjat\u00eb tentativ\u00ebs s\u00eb Sali Berish\u00ebs p\u00ebr t\u00eb marr\u00eb selin\u00eb blu.<\/p>\n<p>\u201cAh sa keq! Ah sa keq!\u201d, shkruan Bregu, e cila prej disa vitesh tashm\u00eb \u00ebsht\u00eb nuk angazhohet n\u00eb politik\u00ebn n\u00eb Shqip\u00ebri. Ajo thot\u00eb se shkat\u00ebrrimi i PD-s\u00eb, \u201cka vite q\u00eb ishte projekti m\u00eb i qart\u00eb politik\u201d.<\/p>\n<p>Reagimi Majlinda Bregut:<\/p>\n<p><img loading=\"lazy\" decoding=\"async\" class=\"alignnone size-medium wp-image-229340\" src=\"https:\/\/zjarr.tv\/wp-content\/uploads\/2022\/01\/271586074_477901613692361_3583638486450331772_n-171x300.jpg\" alt=\"\" width=\"171\" height=\"300\" srcset=\"https:\/\/zjarr.tv\/wp-content\/uploads\/2022\/01\/271586074_477901613692361_3583638486450331772_n-171x300.jpg 171w, https:\/\/zjarr.tv\/wp-content\/uploads\/2022\/01\/271586074_477901613692361_3583638486450331772_n-239x420.jpg 239w, https:\/\/zjarr.tv\/wp-content\/uploads\/2022\/01\/271586074_477901613692361_3583638486450331772_n.jpg 526w\" sizes=\"auto, (max-width: 171px) 100vw, 171px\" \/><\/p>\n","protected":false},"excerpt":{"rendered":"<p>Ish-deputetja e demokrate Majlinda Bregu ka reaguar p\u00ebr situat\u00ebn e dhunshme dit\u00ebn e sotme gjat\u00eb tentativ\u00ebs s\u00eb Sali Berish\u00ebs p\u00ebr t\u00eb marr\u00eb selin\u00eb blu. \u201cAh sa keq! Ah sa keq!\u201d, shkruan Bregu, e cila prej disa vitesh tashm\u00eb \u00ebsht\u00eb nuk angazhohet n\u00eb politik\u00ebn n\u00eb Shqip\u00ebri. Ajo thot\u00eb se shkat\u00ebrrimi i PD-s\u00eb, \u201cka vite q\u00eb ishte [&hellip;]<\/p>\n","protected":false},"author":2030,"featured_media":229341,"comment_status":"closed","ping_status":"closed","sticky":false,"template":"","format":"standard","meta":{"footnotes":""},"categories":[241,5380,1454],"tags":[],"class_list":{"0":"post-229339","1":"post","2":"type-post","3":"status-publish","4":"format-standard","5":"has-post-thumbnail","7":"category-aktualitet","8":"category-kryesore","9":"category-politike"},"_links":{"self":[{"href":"https:\/\/zjarr.tv\/sq\/wp-json\/wp\/v2\/posts\/229339","targetHints":{"allow":["GET"]}}],"collection":[{"href":"https:\/\/zjarr.tv\/sq\/wp-json\/wp\/v2\/posts"}],"about":[{"href":"https:\/\/zjarr.tv\/sq\/wp-json\/wp\/v2\/types\/post"}],"author":[{"embeddable":true,"href":"https:\/\/zjarr.tv\/sq\/wp-json\/wp\/v2\/users\/2030"}],"replies":[{"embeddable":true,"href":"https:\/\/zjarr.tv\/sq\/wp-json\/wp\/v2\/comments?post=229339"}],"version-history":[{"count":0,"href":"https:\/\/zjarr.tv\/sq\/wp-json\/wp\/v2\/posts\/229339\/revisions"}],"wp:featuredmedia":[{"embeddable":true,"href":"https:\/\/zjarr.tv\/sq\/wp-json\/wp\/v2\/media\/229341"}],"wp:attachment":[{"href":"https:\/\/zjarr.tv\/sq\/wp-json\/wp\/v2\/media?parent=229339"}],"wp:term":[{"taxonomy":"category","embeddable":true,"href":"https:\/\/zjarr.tv\/sq\/wp-json\/wp\/v2\/categories?post=229339"},{"taxonomy":"post_tag","embeddable":true,"href":"https:\/\/zjarr.tv\/sq\/wp-json\/wp\/v2\/tags?post=229339"}],"curies":[{"name":"wp","href":"https:\/\/api.w.org\/{rel}","templated":true}]}}