{"id":229348,"date":"2022-01-08T17:11:21","date_gmt":"2022-01-08T16:11:21","guid":{"rendered":"https:\/\/zjarr.tv\/?p=229348"},"modified":"2022-01-08T17:24:27","modified_gmt":"2022-01-08T16:24:27","slug":"ulsi-manja-per-protesten-ne-seline-e-pd-prokuroria-duhet-mbeshtetur-te-nxjerrin-para-ligjit-pergjegjesit-jashte-dhe-brenda-godines","status":"publish","type":"post","link":"https:\/\/zjarr.tv\/sq\/ulsi-manja-per-protesten-ne-seline-e-pd-prokuroria-duhet-mbeshtetur-te-nxjerrin-para-ligjit-pergjegjesit-jashte-dhe-brenda-godines\/","title":{"rendered":"Ulsi Manja p\u00ebr protest\u00ebn n\u00eb selin\u00eb e PD: Policia e Shtetit e ka kaluar me dinjitet t\u00eb lart\u00eb profesional k\u00ebt\u00eb sprov\u00eb"},"content":{"rendered":"<p>Ministri i Drejt\u00ebsis\u00eb, Ulsi Manja ka reaguar p\u00ebr protest\u00ebn n\u00eb selin\u00eb e PD dhe nd\u00ebrhyrjen e policis\u00eb.<\/p>\n<p>\u201cSot ka qen\u00eb ndoshta sfida m\u00eb e komplikuar p\u00ebr nj\u00eb Polici Shteti n\u00eb demokraci, sepse kjo e sotmja \u00ebsht\u00eb nj\u00eb ngjarje e pad\u00ebgjuar n\u00eb historin\u00eb politike t\u00eb planetit. <\/p>\n<p>Policia e Shtetit e ka kaluar me dinjitet t\u00eb lart\u00eb profesional k\u00ebt\u00eb sprov\u00eb p\u00ebrball\u00eb pap\u00ebrgjegjshm\u00ebris\u00eb m\u00eb absurde t\u00eb t\u00eb dyja pal\u00ebve t\u00eb p\u00ebrfshira n\u00eb konflikt.<\/p>\n<p> I b\u00ebjm\u00eb thirrje pal\u00ebve t\u00eb vet\u00ebp\u00ebrmbahen dhe t\u00eb mos pengojn\u00eb me veprime ose mosveprime t\u00eb q\u00ebllimshme, organet ligjzbatuese t\u00eb b\u00ebjn\u00eb detyr\u00ebn\u201d shkruan Manja nd\u00ebr te tjera n\u00eb postimin e tij.<\/p>\n","protected":false},"excerpt":{"rendered":"<p>Ministri i Drejt\u00ebsis\u00eb, Ulsi Manja ka reaguar p\u00ebr protest\u00ebn n\u00eb selin\u00eb e PD dhe nd\u00ebrhyrjen e policis\u00eb. \u201cSot ka qen\u00eb ndoshta sfida m\u00eb e komplikuar p\u00ebr nj\u00eb Polici Shteti n\u00eb demokraci, sepse kjo e sotmja \u00ebsht\u00eb nj\u00eb ngjarje e pad\u00ebgjuar n\u00eb historin\u00eb politike t\u00eb planetit. Policia e Shtetit e ka kaluar me dinjitet t\u00eb lart\u00eb [&hellip;]<\/p>\n","protected":false},"author":2031,"featured_media":229349,"comment_status":"closed","ping_status":"closed","sticky":false,"template":"","format":"standard","meta":{"footnotes":""},"categories":[231],"tags":[],"class_list":{"0":"post-229348","1":"post","2":"type-post","3":"status-publish","4":"format-standard","5":"has-post-thumbnail","7":"category-lajme"},"_links":{"self":[{"href":"https:\/\/zjarr.tv\/sq\/wp-json\/wp\/v2\/posts\/229348","targetHints":{"allow":["GET"]}}],"collection":[{"href":"https:\/\/zjarr.tv\/sq\/wp-json\/wp\/v2\/posts"}],"about":[{"href":"https:\/\/zjarr.tv\/sq\/wp-json\/wp\/v2\/types\/post"}],"author":[{"embeddable":true,"href":"https:\/\/zjarr.tv\/sq\/wp-json\/wp\/v2\/users\/2031"}],"replies":[{"embeddable":true,"href":"https:\/\/zjarr.tv\/sq\/wp-json\/wp\/v2\/comments?post=229348"}],"version-history":[{"count":0,"href":"https:\/\/zjarr.tv\/sq\/wp-json\/wp\/v2\/posts\/229348\/revisions"}],"wp:featuredmedia":[{"embeddable":true,"href":"https:\/\/zjarr.tv\/sq\/wp-json\/wp\/v2\/media\/229349"}],"wp:attachment":[{"href":"https:\/\/zjarr.tv\/sq\/wp-json\/wp\/v2\/media?parent=229348"}],"wp:term":[{"taxonomy":"category","embeddable":true,"href":"https:\/\/zjarr.tv\/sq\/wp-json\/wp\/v2\/categories?post=229348"},{"taxonomy":"post_tag","embeddable":true,"href":"https:\/\/zjarr.tv\/sq\/wp-json\/wp\/v2\/tags?post=229348"}],"curies":[{"name":"wp","href":"https:\/\/api.w.org\/{rel}","templated":true}]}}