{"id":229356,"date":"2022-01-08T18:27:52","date_gmt":"2022-01-08T17:27:52","guid":{"rendered":"https:\/\/zjarr.tv\/?p=229356"},"modified":"2022-01-08T18:27:52","modified_gmt":"2022-01-08T17:27:52","slug":"henze-akuza-ambasadores-kim-si-person-mbani-nje-pjese-te-konsiderueshme-te-pergjegjesise-per-kete-situate","status":"publish","type":"post","link":"https:\/\/zjarr.tv\/sq\/henze-akuza-ambasadores-kim-si-person-mbani-nje-pjese-te-konsiderueshme-te-pergjegjesise-per-kete-situate\/","title":{"rendered":"Henze akuza ambasadores Kim: Si person mbani nj\u00eb pjes\u00eb t\u00eb konsiderueshme t\u00eb p\u00ebrgjegj\u00ebsis\u00eb p\u00ebr k\u00ebt\u00eb situat\u00eb"},"content":{"rendered":"<p>K\u00ebshilltati i CDU-s\u00eb gjermane Martin Henze, ka reaguar ndaj reagimit n\u00eb T\u00ebitter t\u00eb Ambasadores Amerikane Yuri Kim p\u00ebr protestat e sotme.<\/p>\n<p>Henze ka hedhur akuza n\u00eb drejtim t\u00eb ambasadores Kim, duke i kujtuar se ajo si person mban nj\u00eb pjes\u00eb t\u00eb konsiderueshme t\u00eb p\u00ebrgjegj\u00ebsis\u00eb p\u00ebr k\u00ebt\u00eb situat\u00eb.<\/p>\n<p>Ambasador, ju si person mbani nj\u00eb pjes\u00eb t\u00eb konsiderueshme t\u00eb p\u00ebrgjegj\u00ebsis\u00eb p\u00ebr k\u00ebt\u00eb situat\u00eb dhe ne jemi thell\u00ebsisht t\u00eb shqet\u00ebsuar n\u00eb SHBA dhe Evrop\u00eb p\u00ebr p\u00ebrfshirjen tuaj. Kjo \u00ebsht\u00eb e d\u00ebmshme.<\/p>\n","protected":false},"excerpt":{"rendered":"<p>K\u00ebshilltati i CDU-s\u00eb gjermane Martin Henze, ka reaguar ndaj reagimit n\u00eb T\u00ebitter t\u00eb Ambasadores Amerikane Yuri Kim p\u00ebr protestat e sotme. Henze ka hedhur akuza n\u00eb drejtim t\u00eb ambasadores Kim, duke i kujtuar se ajo si person mban nj\u00eb pjes\u00eb t\u00eb konsiderueshme t\u00eb p\u00ebrgjegj\u00ebsis\u00eb p\u00ebr k\u00ebt\u00eb situat\u00eb. Ambasador, ju si person mbani nj\u00eb pjes\u00eb t\u00eb [&hellip;]<\/p>\n","protected":false},"author":2031,"featured_media":229357,"comment_status":"closed","ping_status":"closed","sticky":false,"template":"","format":"standard","meta":{"footnotes":""},"categories":[231],"tags":[],"class_list":{"0":"post-229356","1":"post","2":"type-post","3":"status-publish","4":"format-standard","5":"has-post-thumbnail","7":"category-lajme"},"_links":{"self":[{"href":"https:\/\/zjarr.tv\/sq\/wp-json\/wp\/v2\/posts\/229356","targetHints":{"allow":["GET"]}}],"collection":[{"href":"https:\/\/zjarr.tv\/sq\/wp-json\/wp\/v2\/posts"}],"about":[{"href":"https:\/\/zjarr.tv\/sq\/wp-json\/wp\/v2\/types\/post"}],"author":[{"embeddable":true,"href":"https:\/\/zjarr.tv\/sq\/wp-json\/wp\/v2\/users\/2031"}],"replies":[{"embeddable":true,"href":"https:\/\/zjarr.tv\/sq\/wp-json\/wp\/v2\/comments?post=229356"}],"version-history":[{"count":0,"href":"https:\/\/zjarr.tv\/sq\/wp-json\/wp\/v2\/posts\/229356\/revisions"}],"wp:featuredmedia":[{"embeddable":true,"href":"https:\/\/zjarr.tv\/sq\/wp-json\/wp\/v2\/media\/229357"}],"wp:attachment":[{"href":"https:\/\/zjarr.tv\/sq\/wp-json\/wp\/v2\/media?parent=229356"}],"wp:term":[{"taxonomy":"category","embeddable":true,"href":"https:\/\/zjarr.tv\/sq\/wp-json\/wp\/v2\/categories?post=229356"},{"taxonomy":"post_tag","embeddable":true,"href":"https:\/\/zjarr.tv\/sq\/wp-json\/wp\/v2\/tags?post=229356"}],"curies":[{"name":"wp","href":"https:\/\/api.w.org\/{rel}","templated":true}]}}