{"id":229366,"date":"2022-01-08T18:55:51","date_gmt":"2022-01-08T17:55:51","guid":{"rendered":"https:\/\/zjarr.tv\/?p=229366"},"modified":"2022-01-08T18:55:51","modified_gmt":"2022-01-08T17:55:51","slug":"po-nese-berisha-kthehet-serish-perpara-selise-basha-i-prere-asgje-nuk-e-lidh-me-ate-me-pd-ne","status":"publish","type":"post","link":"https:\/\/zjarr.tv\/sq\/po-nese-berisha-kthehet-serish-perpara-selise-basha-i-prere-asgje-nuk-e-lidh-me-ate-me-pd-ne\/","title":{"rendered":"Po n\u00ebse Berisha kthehet s\u00ebrish p\u00ebrpara selis\u00eb? Basha i prer\u00eb: Asgj\u00eb nuk e lidh m\u00eb at\u00eb me PD-n\u00eb!"},"content":{"rendered":"<p>I pyetur se \u00e7far\u00eb do t\u00eb ndodh\u00eb n\u00ebse Sali Berisha kthehet s\u00ebrish p\u00ebr t\u00eb protestaur p\u00ebrpara selis\u00eb s\u00eb Partis\u00eb Demokratike, Lulzim Basha u shpreh se kjo nuk do t\u00eb ndodh\u00eb, pasi ish-kryeministri nuk ka m\u00eb asnj\u00eb lidhje me PD-n\u00eb.<\/p>\n<p>Ai u shpreh se tashm\u00eb Berisha i ka hesapet me drejt\u00ebsin\u00eb p\u00ebr sulmin q\u00eb orkestroi, nd\u00ebrsa shtoi se objektivi i PD-s\u00eb \u00ebsht\u00eb largimi i Edi Ram\u00ebs.<\/p>\n<p>Basha: Asgj\u00eb nuk e lidh m\u00eb Sali Berish\u00ebn me PD-n\u00eb. Shk\u00ebputja me t\u00eb ka qen\u00eb nj\u00eb proces i dhimbsh\u00ebm p\u00ebr PD-n\u00eb. Sali Berisha i ka hesapet me drejt\u00ebsin\u00eb p\u00ebr k\u00ebt\u00eb sulm dhe p\u00ebr k\u00ebt\u00eb dhun\u00eb q\u00eb orkestroi dhe hesapet e pambyllura me demokrat\u00ebt. Ne kemi nj\u00eb objektiv, largimin nj\u00eb or\u00eb e m\u00eb par\u00eb t\u00eb v\u00ebllait siamez t\u00eb Berish\u00ebs, Edi Ram\u00ebn.<\/p>\n<p>Basha u pyet edhe p\u00ebr dyert e blinduara, teksa u shpreh se t\u00eb blinduara ishin vet\u00ebm dera e serverave dhe rrjetit elektrik, nd\u00ebrsa shtoi se nga PD sot doli vet\u00ebm arkivoli politik i Sali Berish\u00ebs.<\/p>\n","protected":false},"excerpt":{"rendered":"<p>I pyetur se \u00e7far\u00eb do t\u00eb ndodh\u00eb n\u00ebse Sali Berisha kthehet s\u00ebrish p\u00ebr t\u00eb protestaur p\u00ebrpara selis\u00eb s\u00eb Partis\u00eb Demokratike, Lulzim Basha u shpreh se kjo nuk do t\u00eb ndodh\u00eb, pasi ish-kryeministri nuk ka m\u00eb asnj\u00eb lidhje me PD-n\u00eb. Ai u shpreh se tashm\u00eb Berisha i ka hesapet me drejt\u00ebsin\u00eb p\u00ebr sulmin q\u00eb orkestroi, nd\u00ebrsa [&hellip;]<\/p>\n","protected":false},"author":2031,"featured_media":214487,"comment_status":"closed","ping_status":"closed","sticky":false,"template":"","format":"standard","meta":{"footnotes":""},"categories":[231],"tags":[],"class_list":{"0":"post-229366","1":"post","2":"type-post","3":"status-publish","4":"format-standard","5":"has-post-thumbnail","7":"category-lajme"},"_links":{"self":[{"href":"https:\/\/zjarr.tv\/sq\/wp-json\/wp\/v2\/posts\/229366","targetHints":{"allow":["GET"]}}],"collection":[{"href":"https:\/\/zjarr.tv\/sq\/wp-json\/wp\/v2\/posts"}],"about":[{"href":"https:\/\/zjarr.tv\/sq\/wp-json\/wp\/v2\/types\/post"}],"author":[{"embeddable":true,"href":"https:\/\/zjarr.tv\/sq\/wp-json\/wp\/v2\/users\/2031"}],"replies":[{"embeddable":true,"href":"https:\/\/zjarr.tv\/sq\/wp-json\/wp\/v2\/comments?post=229366"}],"version-history":[{"count":0,"href":"https:\/\/zjarr.tv\/sq\/wp-json\/wp\/v2\/posts\/229366\/revisions"}],"wp:featuredmedia":[{"embeddable":true,"href":"https:\/\/zjarr.tv\/sq\/wp-json\/wp\/v2\/media\/214487"}],"wp:attachment":[{"href":"https:\/\/zjarr.tv\/sq\/wp-json\/wp\/v2\/media?parent=229366"}],"wp:term":[{"taxonomy":"category","embeddable":true,"href":"https:\/\/zjarr.tv\/sq\/wp-json\/wp\/v2\/categories?post=229366"},{"taxonomy":"post_tag","embeddable":true,"href":"https:\/\/zjarr.tv\/sq\/wp-json\/wp\/v2\/tags?post=229366"}],"curies":[{"name":"wp","href":"https:\/\/api.w.org\/{rel}","templated":true}]}}