{"id":229388,"date":"2022-01-09T08:52:02","date_gmt":"2022-01-09T07:52:02","guid":{"rendered":"https:\/\/zjarr.tv\/?p=229388"},"modified":"2022-01-09T08:52:02","modified_gmt":"2022-01-09T07:52:02","slug":"vendi-nuk-ka-opozite-pra-nuk-ka-as-demokraci","status":"publish","type":"post","link":"https:\/\/zjarr.tv\/sq\/vendi-nuk-ka-opozite-pra-nuk-ka-as-demokraci\/","title":{"rendered":"Vendi nuk ka opozit\u00eb, pra nuk ka as demokraci"},"content":{"rendered":"<p>Nga Dritan Shano<\/p>\n<p>PD nuk mund t\u2019i ofroj\u00eb zgjedhje t\u00eb lira e t\u00eb ndershme Shqiptar\u00ebve, n\u00ebse nuk zhvillon zgjedhje t\u00eb lira e t\u00eb ndershme brenda saj!<\/p>\n<p>Basha u b\u00eb kryetar me votat dhe mb\u00ebshtetjen e drejp\u00ebrdrejt\u00eb t\u00eb Berish\u00ebs, duke eliminuar k\u00ebshtu leht\u00ebsisht \u00e7do alternativ\u00eb t\u00eb tret\u00eb. Berisha, duke e mb\u00ebshtetur Bash\u00ebn e legjitimoi at\u00eb si kryetar, p\u00ebrmes nj\u00eb pseudo-gare ku vet\u00eb Basha hyri n\u00eb avantazh t\u00eb madh p\u00ebrkund\u00ebr kandidat\u00ebve t\u00eb tjer\u00eb. (kjo lloj dhune, e p\u00ebrs\u00ebritur \u00ebsht\u00eb akoma m\u00eb e r\u00ebnd\u00eb se dhuna fizike, por kjo \u00ebsht\u00eb tem\u00eb tjet\u00ebr)<\/p>\n<p>Basha, n\u00eb dat\u00ebn 9 Shtator, pasi kishte siguruar vulen e PD, morri nj\u00eb vendim. P\u00ebrjashtoi Berish\u00ebn. Ky vendim i Bash\u00ebs ndryshoi realitetin dhe ekuilibrat politik\u00eb brenda PD. Vet\u00ebm nj\u00eb i pamend mund t\u00eb mendoj\u00eb se \u00ebsht\u00eb normale, legjitime, pra se e ka akoma si kryetar edhe vot\u00ebn e mb\u00ebshtet\u00ebsve t\u00eb Berish\u00ebs, pasi u ka rr\u00ebzuar atyre me nj\u00eb vendim personal Berish\u00ebn. Zbatimi i paturpsh\u00ebm i k\u00ebsaj idiot\u00ebsie nga Basha, ka prodhuar dhe ushqen konfliktin q\u00eb po asgj\u00ebson PD.<\/p>\n<p>Po, konflikti mes Bash\u00ebs dhe Berish\u00ebs po e asgj\u00ebson PD. Ky konflikt mund t\u00eb zgjidhet vet\u00ebm p\u00ebrmes nj\u00eb pro\u00e7esi transpareBERInt zgjedhjesh p\u00ebr lidershipin e PD-s\u00eb.<\/p>\n<p>Ky pro\u00e7es zgjedhor mund t\u00eb zhvillohet vet\u00ebm n\u00eb kushte t\u00eb barabarta, pra vet\u00ebm pasi Basha t\u00eb ket\u00eb dh\u00ebn\u00eb dor\u00ebheqjen nga posti i Kryetarit t\u00eb PD, t\u00eb cilin e morri me mb\u00ebshtetjen e Berish\u00ebs.<\/p>\n<p>Natyrisht, Basha dhe Berisha nuk mund t\u00eb jen\u00eb m\u00eb nj\u00eb alternativ\u00eb p\u00ebr t\u00eb sh\u00ebruar PD, p\u00ebr ta kompakt\u00ebsuar at\u00eb, dhe kthyer n\u00eb nj\u00eb alternativ\u00eb t\u00eb besueshme p\u00ebr shqiptar\u00ebt. As njeri as tjetri nuk e sjellin dot PD n\u00eb pushtet. Mendoj se shumica absolute n\u00eb PD ka nevoj\u00eb p\u00ebr nj\u00eb qasje t\u00eb re, p\u00ebr ide t\u00eb reja dhe p\u00ebr njer\u00ebz t\u00eb rinj t\u00eb pap\u00ebrlyer.<\/p>\n<p>Por ky \u00ebsht\u00eb thjesht mendimi im. Kryetari legjitim i PD do jet\u00eb ai q\u00eb zgjedhin an\u00ebtar\u00ebt. Ky do ishte nj\u00eb kryetar q\u00eb mund t\u00eb ngjiste t\u00eb gjitha copat e thyera t\u00eb PD-s\u00eb<\/p>\n<p>Por, q\u00eb kjo t\u00eb ndodh\u00eb PD ka nevoj\u00eb p\u00ebr zgjedhje t\u00eb reja, transparente dhe t\u00eb barabarta. Zgjedhje t\u00eb lira! Pra ushtrim t\u00eb Vot\u00ebs dhe jo t\u00eb \u201cForc\u00ebs\u201d. Sa m\u00eb shpejt aq m\u00eb mir\u00eb. Prej kohe vendi nuk ka opozit\u00eb!<\/p>\n","protected":false},"excerpt":{"rendered":"<p>Nga Dritan Shano PD nuk mund t\u2019i ofroj\u00eb zgjedhje t\u00eb lira e t\u00eb ndershme Shqiptar\u00ebve, n\u00ebse nuk zhvillon zgjedhje t\u00eb lira e t\u00eb ndershme brenda saj! Basha u b\u00eb kryetar me votat dhe mb\u00ebshtetjen e drejp\u00ebrdrejt\u00eb t\u00eb Berish\u00ebs, duke eliminuar k\u00ebshtu leht\u00ebsisht \u00e7do alternativ\u00eb t\u00eb tret\u00eb. Berisha, duke e mb\u00ebshtetur Bash\u00ebn e legjitimoi at\u00eb si [&hellip;]<\/p>\n","protected":false},"author":2031,"featured_media":203486,"comment_status":"closed","ping_status":"closed","sticky":false,"template":"","format":"standard","meta":{"footnotes":""},"categories":[231],"tags":[],"class_list":{"0":"post-229388","1":"post","2":"type-post","3":"status-publish","4":"format-standard","5":"has-post-thumbnail","7":"category-lajme"},"_links":{"self":[{"href":"https:\/\/zjarr.tv\/sq\/wp-json\/wp\/v2\/posts\/229388","targetHints":{"allow":["GET"]}}],"collection":[{"href":"https:\/\/zjarr.tv\/sq\/wp-json\/wp\/v2\/posts"}],"about":[{"href":"https:\/\/zjarr.tv\/sq\/wp-json\/wp\/v2\/types\/post"}],"author":[{"embeddable":true,"href":"https:\/\/zjarr.tv\/sq\/wp-json\/wp\/v2\/users\/2031"}],"replies":[{"embeddable":true,"href":"https:\/\/zjarr.tv\/sq\/wp-json\/wp\/v2\/comments?post=229388"}],"version-history":[{"count":0,"href":"https:\/\/zjarr.tv\/sq\/wp-json\/wp\/v2\/posts\/229388\/revisions"}],"wp:featuredmedia":[{"embeddable":true,"href":"https:\/\/zjarr.tv\/sq\/wp-json\/wp\/v2\/media\/203486"}],"wp:attachment":[{"href":"https:\/\/zjarr.tv\/sq\/wp-json\/wp\/v2\/media?parent=229388"}],"wp:term":[{"taxonomy":"category","embeddable":true,"href":"https:\/\/zjarr.tv\/sq\/wp-json\/wp\/v2\/categories?post=229388"},{"taxonomy":"post_tag","embeddable":true,"href":"https:\/\/zjarr.tv\/sq\/wp-json\/wp\/v2\/tags?post=229388"}],"curies":[{"name":"wp","href":"https:\/\/api.w.org\/{rel}","templated":true}]}}