{"id":229392,"date":"2022-01-09T08:58:16","date_gmt":"2022-01-09T07:58:16","guid":{"rendered":"https:\/\/zjarr.tv\/?p=229392"},"modified":"2022-01-09T08:58:16","modified_gmt":"2022-01-09T07:58:16","slug":"dikur-shqiptaret-luftonin-bashke-kundra-pushtuesve-aktori-florjan-binaj-keqardhje-qe-sot-luftojne-per-pushtet","status":"publish","type":"post","link":"https:\/\/zjarr.tv\/sq\/dikur-shqiptaret-luftonin-bashke-kundra-pushtuesve-aktori-florjan-binaj-keqardhje-qe-sot-luftojne-per-pushtet\/","title":{"rendered":"\u201cDikur shqiptar\u00ebt luftonin bashk\u00eb kundra pushtuesve\u201d, aktori Florjan Binaj: Keqardhje q\u00eb sot luftojn\u00eb p\u00ebr pushtet!"},"content":{"rendered":"<p>Florjan Binaj ka reaguar p\u00ebr protest\u00ebn e dhunshme q\u00eb u zhvillua dit\u00ebn e sotme n\u00eb selin\u00eb e PD-s\u00eb. N\u00eb nj\u00eb postim n\u00eb Instagram aktori shkruan se ndjen keqardhje pasi dikur populli yn\u00eb luftonte i bashkuar kund\u00ebr pushtuesve dhe sot luftojn\u00eb kundra nj\u00ebri-tjetrit p\u00ebr pushtet.<\/p>\n<p>\u201cDikur shqiptar\u00ebt luftonin bashk\u00eb kundra pushtuesve p\u00ebr atdheun, sot luftojn\u00eb kundra nj\u00ebri-tjetrit p\u00ebr pushtet, keqardhje\u201d, shkruan Binaj.<\/p>\n<p>Paraditen e sotme mb\u00ebshtet\u00ebsit e ish-kryeministrit Sali Berisha shqyen me dhun\u00eb der\u00ebn e selis\u00eb s\u00eb PD-s\u00eb dhe u fut\u00ebn brenda duke shkat\u00ebrruar objektet n\u00eb katin e par\u00eb t\u00eb godin\u00ebs.<\/p>\n<p>Gjat\u00eb protest\u00ebs e cila zgjati rreth dy or\u00eb, pati p\u00ebrplasje mes mb\u00ebshtet\u00ebsve t\u00eb Berish\u00ebs q\u00eb tentuan futjen n\u00eb godin\u00eb me dhun\u00eb dhe mbrojt\u00ebsve t\u00eb godin\u00ebs, ku u p\u00ebrdoren edhe mjete t\u00eb forta, <\/p>\n<p>nd\u00ebrsa pati edhe t\u00eb l\u00ebnduar nga t\u00eb dyja pal\u00ebt. Pas thirrjes p\u00ebr ndihm\u00eb nga PD, forcat e Policis\u00eb rrethuan selin\u00eb, duke p\u00ebrdorur gaz lotsjell\u00ebs p\u00ebr t\u00eb shp\u00ebrndar\u00eb protestuesit.<\/p>\n","protected":false},"excerpt":{"rendered":"<p>Florjan Binaj ka reaguar p\u00ebr protest\u00ebn e dhunshme q\u00eb u zhvillua dit\u00ebn e sotme n\u00eb selin\u00eb e PD-s\u00eb. N\u00eb nj\u00eb postim n\u00eb Instagram aktori shkruan se ndjen keqardhje pasi dikur populli yn\u00eb luftonte i bashkuar kund\u00ebr pushtuesve dhe sot luftojn\u00eb kundra nj\u00ebri-tjetrit p\u00ebr pushtet. \u201cDikur shqiptar\u00ebt luftonin bashk\u00eb kundra pushtuesve p\u00ebr atdheun, sot luftojn\u00eb kundra [&hellip;]<\/p>\n","protected":false},"author":2031,"featured_media":229393,"comment_status":"closed","ping_status":"closed","sticky":false,"template":"","format":"standard","meta":{"footnotes":""},"categories":[364,231],"tags":[],"class_list":{"0":"post-229392","1":"post","2":"type-post","3":"status-publish","4":"format-standard","5":"has-post-thumbnail","7":"category-koment-opinion","8":"category-lajme"},"_links":{"self":[{"href":"https:\/\/zjarr.tv\/sq\/wp-json\/wp\/v2\/posts\/229392","targetHints":{"allow":["GET"]}}],"collection":[{"href":"https:\/\/zjarr.tv\/sq\/wp-json\/wp\/v2\/posts"}],"about":[{"href":"https:\/\/zjarr.tv\/sq\/wp-json\/wp\/v2\/types\/post"}],"author":[{"embeddable":true,"href":"https:\/\/zjarr.tv\/sq\/wp-json\/wp\/v2\/users\/2031"}],"replies":[{"embeddable":true,"href":"https:\/\/zjarr.tv\/sq\/wp-json\/wp\/v2\/comments?post=229392"}],"version-history":[{"count":0,"href":"https:\/\/zjarr.tv\/sq\/wp-json\/wp\/v2\/posts\/229392\/revisions"}],"wp:featuredmedia":[{"embeddable":true,"href":"https:\/\/zjarr.tv\/sq\/wp-json\/wp\/v2\/media\/229393"}],"wp:attachment":[{"href":"https:\/\/zjarr.tv\/sq\/wp-json\/wp\/v2\/media?parent=229392"}],"wp:term":[{"taxonomy":"category","embeddable":true,"href":"https:\/\/zjarr.tv\/sq\/wp-json\/wp\/v2\/categories?post=229392"},{"taxonomy":"post_tag","embeddable":true,"href":"https:\/\/zjarr.tv\/sq\/wp-json\/wp\/v2\/tags?post=229392"}],"curies":[{"name":"wp","href":"https:\/\/api.w.org\/{rel}","templated":true}]}}