{"id":229397,"date":"2022-01-09T09:01:28","date_gmt":"2022-01-09T08:01:28","guid":{"rendered":"https:\/\/zjarr.tv\/?p=229397"},"modified":"2022-01-09T09:01:28","modified_gmt":"2022-01-09T08:01:28","slug":"evi-kokalari-del-kunder-tomorr-alizotit-pse-nuk-e-ngriti-zerin-kur-pd-po-blindohej-doli-sot-dhe-nxori-veten-hero-me-ke-tallet-ky","status":"publish","type":"post","link":"https:\/\/zjarr.tv\/sq\/evi-kokalari-del-kunder-tomorr-alizotit-pse-nuk-e-ngriti-zerin-kur-pd-po-blindohej-doli-sot-dhe-nxori-veten-hero-me-ke-tallet-ky\/","title":{"rendered":"Evi Kokalari del kund\u00ebr Tomorr Alizotit: Pse nuk e ngriti z\u00ebrin kur PD po blindohej? Doli sot dhe nxori veten hero, me k\u00eb tallet ky?"},"content":{"rendered":"<p>Aktivistja shqiptare n\u00eb SHBA, Evi Kokalari, ka sulmuar deputetin demokrat Tomorr Alizoti, pasi ky i fudnit deklaroi se Basha dhe Berisha jan\u00eb t\u00eb dy fajtor\u00eb p\u00ebr gjendjen n\u00eb t\u00eb cil\u00ebn ndodhet PD sot.<\/p>\n<p>Ajo thot\u00eb se dalja e Tomorr Alizotit n\u00eb sken\u00eb \u00ebsht\u00eb e planifikuar, teksa pyet se p\u00ebrse Alizoti nuk doli t\u00eb fliste jav\u00ebn e fundit kur u pa q\u00eb PD po blindohej. Sipas saj, ai doli sot dhe i nxori t\u00eb gjith\u00eb fajtor\u00eb, nd\u00ebrsa veten hero.<\/p>\n<p>\u201cKy momenti i daljes se Tomor Alizotit s\u2019me pelqen fare. Eshte e qarte qe eshte i planifikuar. Pse nuk e ngriti zeri javen e fundit kur pa qe PD-ja blindohej? Tha gje t\u2019i sjellim palet te bejne kompromis apo cfare do tjeter qe mund te donte te thoshte?<\/p>\n<p>E pra, sonte doli dhe i nxorri te gjithe fajtor. Tomor vete na del hero!! Me ke tallet ky\u201d, shkruan Kokalari.<\/p>\n","protected":false},"excerpt":{"rendered":"<p>Aktivistja shqiptare n\u00eb SHBA, Evi Kokalari, ka sulmuar deputetin demokrat Tomorr Alizoti, pasi ky i fudnit deklaroi se Basha dhe Berisha jan\u00eb t\u00eb dy fajtor\u00eb p\u00ebr gjendjen n\u00eb t\u00eb cil\u00ebn ndodhet PD sot. Ajo thot\u00eb se dalja e Tomorr Alizotit n\u00eb sken\u00eb \u00ebsht\u00eb e planifikuar, teksa pyet se p\u00ebrse Alizoti nuk doli t\u00eb fliste jav\u00ebn [&hellip;]<\/p>\n","protected":false},"author":2031,"featured_media":187246,"comment_status":"closed","ping_status":"closed","sticky":false,"template":"","format":"standard","meta":{"footnotes":""},"categories":[231],"tags":[],"class_list":{"0":"post-229397","1":"post","2":"type-post","3":"status-publish","4":"format-standard","5":"has-post-thumbnail","7":"category-lajme"},"_links":{"self":[{"href":"https:\/\/zjarr.tv\/sq\/wp-json\/wp\/v2\/posts\/229397","targetHints":{"allow":["GET"]}}],"collection":[{"href":"https:\/\/zjarr.tv\/sq\/wp-json\/wp\/v2\/posts"}],"about":[{"href":"https:\/\/zjarr.tv\/sq\/wp-json\/wp\/v2\/types\/post"}],"author":[{"embeddable":true,"href":"https:\/\/zjarr.tv\/sq\/wp-json\/wp\/v2\/users\/2031"}],"replies":[{"embeddable":true,"href":"https:\/\/zjarr.tv\/sq\/wp-json\/wp\/v2\/comments?post=229397"}],"version-history":[{"count":0,"href":"https:\/\/zjarr.tv\/sq\/wp-json\/wp\/v2\/posts\/229397\/revisions"}],"wp:featuredmedia":[{"embeddable":true,"href":"https:\/\/zjarr.tv\/sq\/wp-json\/wp\/v2\/media\/187246"}],"wp:attachment":[{"href":"https:\/\/zjarr.tv\/sq\/wp-json\/wp\/v2\/media?parent=229397"}],"wp:term":[{"taxonomy":"category","embeddable":true,"href":"https:\/\/zjarr.tv\/sq\/wp-json\/wp\/v2\/categories?post=229397"},{"taxonomy":"post_tag","embeddable":true,"href":"https:\/\/zjarr.tv\/sq\/wp-json\/wp\/v2\/tags?post=229397"}],"curies":[{"name":"wp","href":"https:\/\/api.w.org\/{rel}","templated":true}]}}