{"id":229407,"date":"2022-01-09T11:58:56","date_gmt":"2022-01-09T10:58:56","guid":{"rendered":"https:\/\/zjarr.tv\/?p=229407"},"modified":"2022-01-09T11:58:56","modified_gmt":"2022-01-09T10:58:56","slug":"bashkebisedim-me-demokratet-deputetja-e-pd-kerkon-ndjese-dhe-i-kthehet-kryeministrit-shqiptareve-nuk-iu-ha-fare-edi-per-edi-ramen","status":"publish","type":"post","link":"https:\/\/zjarr.tv\/sq\/bashkebisedim-me-demokratet-deputetja-e-pd-kerkon-ndjese-dhe-i-kthehet-kryeministrit-shqiptareve-nuk-iu-ha-fare-edi-per-edi-ramen\/","title":{"rendered":"Bashk\u00ebbisedim me demokrat\u00ebt? Deputetja e PD k\u00ebrkon ndjes\u00eb dhe i kthehet kryeministrit: Shqiptar\u00ebve nuk iu ha fare Edi p\u00ebr Edi Ram\u00ebn"},"content":{"rendered":"<p>Nj\u00eb reagim ka ardhur nga deputetja e PD Flutura A\u00e7ka pas q\u00ebndrimeve t\u00eb kryeministrit Edi Rama gjat\u00eb dit\u00ebs s\u00eb djeshme dhe sot q\u00eb i ftoi n\u00eb mesdit\u00eb demokrat\u00ebt n\u00eb bashk\u00ebbisedim.<\/p>\n<p>N\u00eb nj\u00eb lidhje \u2018live\u2019 me News24, A\u00e7ka k\u00ebrkoi ndjes\u00eb p\u00ebr prishjen e gjuh\u00ebs dhe tha se Edi Rama \u00ebsht\u00eb halli sot i shqiptar\u00ebve, dhe prandaj sa m\u00eb shpejt t\u00eb bashkohet PD-ja, aq m\u00eb shpejt do t\u2019i vij\u00eb fundi atij.<\/p>\n<p>\u201cM\u00eb vjen keq Marsela, jemi n\u00eb televizion publik, por meqen\u00ebse kryeministri yn\u00eb i dashur e ka zanat t\u00eb jet\u00eb vulgar dhe t\u00eb prish\u00eb gjuh\u00ebn, jam e detyruar dhe un\u00eb ta prish disi gjuh\u00ebn p\u00ebr t\u2019iu p\u00ebrgjigjur k\u00ebtij njeriu q\u00eb nuk l\u00eb rast pa b\u00ebr\u00eb ato batutat e tij bajate dhe vulgare. Ai e ka p\u00ebrs\u00ebritur shpesh n\u00eb retorik\u00ebn e tij dh\u00ebmbi i prishur i Partis\u00eb Demokratike, ju e keni d\u00ebgjuar apo jo?! Un\u00eb e di q\u00eb shqiptar\u00ebt e sot\u00ebm nuk kan\u00eb problem dh\u00ebmbin e prishur t\u00eb PD-s\u00eb, e kan\u00eb problem sarkom\u00ebn, q\u00eb Edi Rama iu ka v\u00ebn\u00eb n\u00eb shpin\u00eb shqiptar\u00ebve. Ai \u00ebsht\u00eb halli sot i shqiptar\u00ebve, prandaj sa m\u00eb shpejt t\u00eb bashkohet PD-ja, sa m\u00eb shpejt k\u00ebto gj\u00ebra t\u00eb shoshiten mes dy kampeve, po them kampeve tani meqen\u00ebse jan\u00eb vendosur kampet p\u00ebrball\u00eb njeri-tjetrit aq m\u00eb shpejt do t\u2019i vij\u00eb fundi Edi Ram\u00ebs. Dhe sa p\u00ebr Edi Ram\u00ebn, po them at\u00eb batut\u00ebn po aq vulgare sa \u00e7\u2019e ka th\u00ebn\u00eb ai dhe nuk e kam turp fare se nuk m\u00eb b\u00ebn fare p\u00ebr Edi Ram\u00ebn, ky njeri q\u00eb b\u00ebn vet\u00ebm sehir dhe harron se kush \u00ebsht\u00eb dhe \u00e7far\u00eb i ka b\u00ebr\u00eb k\u00ebsaj Shqip\u00ebrie sot, shqiptar\u00ebve t\u00eb sot\u00ebm nuk iu ha fare Edi p\u00ebr Edi Ram\u00ebn\u201d, deklaroi deputetja A\u00e7ka.<\/p>\n","protected":false},"excerpt":{"rendered":"<p>Nj\u00eb reagim ka ardhur nga deputetja e PD Flutura A\u00e7ka pas q\u00ebndrimeve t\u00eb kryeministrit Edi Rama gjat\u00eb dit\u00ebs s\u00eb djeshme dhe sot q\u00eb i ftoi n\u00eb mesdit\u00eb demokrat\u00ebt n\u00eb bashk\u00ebbisedim. N\u00eb nj\u00eb lidhje \u2018live\u2019 me News24, A\u00e7ka k\u00ebrkoi ndjes\u00eb p\u00ebr prishjen e gjuh\u00ebs dhe tha se Edi Rama \u00ebsht\u00eb halli sot i shqiptar\u00ebve, dhe prandaj [&hellip;]<\/p>\n","protected":false},"author":2030,"featured_media":229408,"comment_status":"closed","ping_status":"closed","sticky":false,"template":"","format":"standard","meta":{"footnotes":""},"categories":[241,3366,5380,231,1454],"tags":[],"class_list":{"0":"post-229407","1":"post","2":"type-post","3":"status-publish","4":"format-standard","5":"has-post-thumbnail","7":"category-aktualitet","8":"category-koment","9":"category-kryesore","10":"category-lajme","11":"category-politike"},"_links":{"self":[{"href":"https:\/\/zjarr.tv\/sq\/wp-json\/wp\/v2\/posts\/229407","targetHints":{"allow":["GET"]}}],"collection":[{"href":"https:\/\/zjarr.tv\/sq\/wp-json\/wp\/v2\/posts"}],"about":[{"href":"https:\/\/zjarr.tv\/sq\/wp-json\/wp\/v2\/types\/post"}],"author":[{"embeddable":true,"href":"https:\/\/zjarr.tv\/sq\/wp-json\/wp\/v2\/users\/2030"}],"replies":[{"embeddable":true,"href":"https:\/\/zjarr.tv\/sq\/wp-json\/wp\/v2\/comments?post=229407"}],"version-history":[{"count":0,"href":"https:\/\/zjarr.tv\/sq\/wp-json\/wp\/v2\/posts\/229407\/revisions"}],"wp:featuredmedia":[{"embeddable":true,"href":"https:\/\/zjarr.tv\/sq\/wp-json\/wp\/v2\/media\/229408"}],"wp:attachment":[{"href":"https:\/\/zjarr.tv\/sq\/wp-json\/wp\/v2\/media?parent=229407"}],"wp:term":[{"taxonomy":"category","embeddable":true,"href":"https:\/\/zjarr.tv\/sq\/wp-json\/wp\/v2\/categories?post=229407"},{"taxonomy":"post_tag","embeddable":true,"href":"https:\/\/zjarr.tv\/sq\/wp-json\/wp\/v2\/tags?post=229407"}],"curies":[{"name":"wp","href":"https:\/\/api.w.org\/{rel}","templated":true}]}}