{"id":229480,"date":"2022-01-09T18:07:31","date_gmt":"2022-01-09T17:07:31","guid":{"rendered":"https:\/\/zjarr.tv\/?p=229480"},"modified":"2022-01-09T18:07:31","modified_gmt":"2022-01-09T17:07:31","slug":"basha-i-del-ne-mbrojte-gazment-bardhit-ka-njerez-qe-sme-duan-ne-krye-te-pd","status":"publish","type":"post","link":"https:\/\/zjarr.tv\/sq\/basha-i-del-ne-mbrojte-gazment-bardhit-ka-njerez-qe-sme-duan-ne-krye-te-pd\/","title":{"rendered":"Basha i del n\u00eb mbrojte Gazment Bardhit: Ka njer\u00ebz q\u00eb s\u2019m\u00eb duan n\u00eb krye t\u00eb PD"},"content":{"rendered":"<p>Kreu i PD, Lulzim Basha \u00ebsht\u00eb pyetur nga gazetar\u00ebt n\u00eb lidhje me procedimin penal t\u00eb Gazment Bardhit, q\u00eb akuzohej p\u00ebr vepr\u00ebn penale \u201cShkelja e rregullave mbi l\u00ebnd\u00ebt plas\u00ebse dhe djeg\u00ebse dhe radioaktive\u201d.<\/p>\n<p>Basha i ka dal\u00eb n\u00eb mbrojtje Bardhi duke th\u00ebn\u00eb se procedimi i tij \u00ebsht\u00eb manov\u00ebr e Sali Berish\u00ebs dhe Edi Ram\u00ebs. Nd\u00ebr t\u00eb tjera ai tha se ai do ta vazhdoj\u00eb misionin e tij edhe pse ka shum\u00eb persona q\u00eb nuk e duan n\u00eb krye t\u00eb PD.<\/p>\n<p>\u201cDemokrat\u00ebt jan\u00eb t\u00eb vendosur q\u00eb t\u00eb vazhdojn\u00eb. Un\u00eb jam i vendosur n\u00eb k\u00ebt\u00eb mision se n\u00eb k\u00ebt\u00eb mision m\u00eb kan\u00eb besuar demokrat\u00ebt. Ka nga ata q\u00eb nuk m\u00eb duan n\u00eb k\u00ebt\u00eb detyr\u00eb, si Rama, Meta, Berisha po k\u00ebta jan\u00eb pakica.<\/p>\n<p>Refuzoj cdo akt dhune q\u00eb \u00ebsht\u00eb kryer nga nj\u00eb grusht demokrat\u00ebsh. Pjes\u00eb tjet\u00ebr (i referohet Gaz Bardhit)\u00a0 \u00ebsht\u00eb manovra e Berish\u00ebs dhe me Ram\u00ebs. Gazment Bardhi nuk ka lidhje me l\u00ebnd\u00ebt radioaktive, e vetmja gj\u00eb q\u00eb ishte p\u00ebr t\u2019u mbrojtur, ishin bombola zjarrfik\u00ebse. Po t\u00eb shikoni filmimet do t\u00eb shikoni se ai \u00ebsht\u00eb pluhuri i bardh\u00eb i shuarjes s\u00eb zjarrit dhe kur policia nd\u00ebrhyri me gaz e pat\u00eb se \u00e7far\u00eb soll. Ju ishit vet\u00eb dhe par\u00eb q\u00eb ne t\u00eb vet\u00ebm gj\u00eb kishim bombola zjarrfik\u00ebse. Nuk ishte gaz. Ishin bombola me materiale q\u00eb fik zjarrin\u201d tha Basha nd\u00ebr t\u00eb tjera.<\/p>\n","protected":false},"excerpt":{"rendered":"<p>Kreu i PD, Lulzim Basha \u00ebsht\u00eb pyetur nga gazetar\u00ebt n\u00eb lidhje me procedimin penal t\u00eb Gazment Bardhit, q\u00eb akuzohej p\u00ebr vepr\u00ebn penale \u201cShkelja e rregullave mbi l\u00ebnd\u00ebt plas\u00ebse dhe djeg\u00ebse dhe radioaktive\u201d. Basha i ka dal\u00eb n\u00eb mbrojtje Bardhi duke th\u00ebn\u00eb se procedimi i tij \u00ebsht\u00eb manov\u00ebr e Sali Berish\u00ebs dhe Edi Ram\u00ebs. Nd\u00ebr t\u00eb [&hellip;]<\/p>\n","protected":false},"author":2030,"featured_media":229481,"comment_status":"closed","ping_status":"closed","sticky":false,"template":"","format":"standard","meta":{"footnotes":""},"categories":[241,3366,5380,231,1454],"tags":[],"class_list":{"0":"post-229480","1":"post","2":"type-post","3":"status-publish","4":"format-standard","5":"has-post-thumbnail","7":"category-aktualitet","8":"category-koment","9":"category-kryesore","10":"category-lajme","11":"category-politike"},"_links":{"self":[{"href":"https:\/\/zjarr.tv\/sq\/wp-json\/wp\/v2\/posts\/229480","targetHints":{"allow":["GET"]}}],"collection":[{"href":"https:\/\/zjarr.tv\/sq\/wp-json\/wp\/v2\/posts"}],"about":[{"href":"https:\/\/zjarr.tv\/sq\/wp-json\/wp\/v2\/types\/post"}],"author":[{"embeddable":true,"href":"https:\/\/zjarr.tv\/sq\/wp-json\/wp\/v2\/users\/2030"}],"replies":[{"embeddable":true,"href":"https:\/\/zjarr.tv\/sq\/wp-json\/wp\/v2\/comments?post=229480"}],"version-history":[{"count":0,"href":"https:\/\/zjarr.tv\/sq\/wp-json\/wp\/v2\/posts\/229480\/revisions"}],"wp:featuredmedia":[{"embeddable":true,"href":"https:\/\/zjarr.tv\/sq\/wp-json\/wp\/v2\/media\/229481"}],"wp:attachment":[{"href":"https:\/\/zjarr.tv\/sq\/wp-json\/wp\/v2\/media?parent=229480"}],"wp:term":[{"taxonomy":"category","embeddable":true,"href":"https:\/\/zjarr.tv\/sq\/wp-json\/wp\/v2\/categories?post=229480"},{"taxonomy":"post_tag","embeddable":true,"href":"https:\/\/zjarr.tv\/sq\/wp-json\/wp\/v2\/tags?post=229480"}],"curies":[{"name":"wp","href":"https:\/\/api.w.org\/{rel}","templated":true}]}}