{"id":229484,"date":"2022-01-09T18:24:52","date_gmt":"2022-01-09T17:24:52","guid":{"rendered":"https:\/\/zjarr.tv\/?p=229484"},"modified":"2022-01-09T18:24:52","modified_gmt":"2022-01-09T17:24:52","slug":"ben-manaj-i-drejtohet-rames-te-ka-ardh-dita-mor-vella","status":"publish","type":"post","link":"https:\/\/zjarr.tv\/sq\/ben-manaj-i-drejtohet-rames-te-ka-ardh-dita-mor-vella\/","title":{"rendered":"Ben Manaj i drejtohet Ram\u00ebs: \u201cT\u00eb ka ardh dita mor v\u00eblla\u201d"},"content":{"rendered":"<p>P\u00ebrplasja mes Bash\u00ebs dhe Berish\u00ebs ka vet\u00ebm nj\u00eb fitues dhe ai \u00ebsht\u00eb kryeministri Edi Rama, q\u00eb kund\u00ebrshtar\u00ebt i ka n\u00eb dit\u00ebn e tyre m\u00eb t\u00eb keqe. K\u00ebt\u00eb mendim ka gazetari Ben Manaj, i cili n\u00eb nj\u00eb postim n\u00eb rrjetet sociale, i drejtohet Ram\u00ebs me nj\u00eb shkrim, ku thot\u00eb se kryeminsitrit i ka ardhur dita q\u00eb t\u00eb tallet, pasi ata q\u00eb drejtojn\u00eb opozit\u00ebn jan\u00eb nj\u00ebri m\u00eb mendere se tjetri.<\/p>\n<p>Shkrimi i Ben Manaj:<\/p>\n<p>Te ka ardh dita dhe vitet mor vella! Tall ndejtesen me ata qe ende ke aty dhe tere ata qe nxorre nga ai vend, se nuk shohin te ardhme aty! Behu cinik se te ka ardh dita me ata te mbaruar qe drejtojne opoziten dhe e kane lene ne balte demokracine! Njeri me mendere se tjetri! Te lumte dhe je i zoti se qe i ke blere te gjithe me media, ku kolege te mij qe ne fillim\u00a0 te demokracise ishin pushkataret me te ashper te te majtes sot jane njerzit e tu dhe te Rilindjes me te afert dhe te majmur, dhe sot kemi nderuar vendet!<\/p>\n<p>I\u00a0 ke fut ne xhep me shoqeri civile, me gjyqesor, me Policine alla Erdogan apo alla Llukashenko qe merite te vetme kane se kane nje ujehedhese dhe gazlotsjelles qe do e perdorin edhe kur keta qe ngazellehen sot, do jene ne opozite dhe s\u2019do kene shans te bejne nje demostrate neserdej!<\/p>\n<p>I dhe edhe ti nje dore tinzare dhe bravo te qofte, cuarjes se opozites ne kete derexhe, bashke me nderkombetaret e Tiranes, por kjo qeverisje jote pa kundershtar nuk te larteson, por thjesht e krahasojne fatin tend politik me ate te k..ves kur fshati digjet! Te lumte vella, tall trapin dhe korrupto ke te te doja zemra dhe ri vete sic je i pakorruptuar!<\/p>\n<p>Ri i qete se bashke me ata qe je bashkefajtor ne politike per kete gjendje, nuk besoj se ti je i palare ne keta 30 vjete kur makaronangrenes, dhe thoje pa lare, sic te te quante Nano sot me apo te drejte te quajne Mr 20 %, nuk ka per tu hyre ne kemb asnje gjemb, as ty dhe te tuve, as atyre qe sot tall menderen, se jeni te gjjthe \u201cbashkeperfitues dhe bashkefajtor\u201d!<\/p>\n<p>Ke lind me kemishe o bashkmoshatar i 1964, ti i lumtur aty ne vendin tone e une ne kete vendin e adoptuar! Je qe je futi nje shpallje Mbreteri si Ahmet Zogu se e shoh qe do mbreterosh deri me 2028 dhe kap edhe 100 vjetorin\u00a0 qe kur u krijua Mbreteria e Pare Shqiptare! Asgje nuk te pengon, shtatlartesia juaj!<\/p>\n","protected":false},"excerpt":{"rendered":"<p>P\u00ebrplasja mes Bash\u00ebs dhe Berish\u00ebs ka vet\u00ebm nj\u00eb fitues dhe ai \u00ebsht\u00eb kryeministri Edi Rama, q\u00eb kund\u00ebrshtar\u00ebt i ka n\u00eb dit\u00ebn e tyre m\u00eb t\u00eb keqe. K\u00ebt\u00eb mendim ka gazetari Ben Manaj, i cili n\u00eb nj\u00eb postim n\u00eb rrjetet sociale, i drejtohet Ram\u00ebs me nj\u00eb shkrim, ku thot\u00eb se kryeminsitrit i ka ardhur dita q\u00eb [&hellip;]<\/p>\n","protected":false},"author":2030,"featured_media":229485,"comment_status":"closed","ping_status":"closed","sticky":false,"template":"","format":"standard","meta":{"footnotes":""},"categories":[241,3366,5380,231,1454],"tags":[],"class_list":{"0":"post-229484","1":"post","2":"type-post","3":"status-publish","4":"format-standard","5":"has-post-thumbnail","7":"category-aktualitet","8":"category-koment","9":"category-kryesore","10":"category-lajme","11":"category-politike"},"_links":{"self":[{"href":"https:\/\/zjarr.tv\/sq\/wp-json\/wp\/v2\/posts\/229484","targetHints":{"allow":["GET"]}}],"collection":[{"href":"https:\/\/zjarr.tv\/sq\/wp-json\/wp\/v2\/posts"}],"about":[{"href":"https:\/\/zjarr.tv\/sq\/wp-json\/wp\/v2\/types\/post"}],"author":[{"embeddable":true,"href":"https:\/\/zjarr.tv\/sq\/wp-json\/wp\/v2\/users\/2030"}],"replies":[{"embeddable":true,"href":"https:\/\/zjarr.tv\/sq\/wp-json\/wp\/v2\/comments?post=229484"}],"version-history":[{"count":0,"href":"https:\/\/zjarr.tv\/sq\/wp-json\/wp\/v2\/posts\/229484\/revisions"}],"wp:featuredmedia":[{"embeddable":true,"href":"https:\/\/zjarr.tv\/sq\/wp-json\/wp\/v2\/media\/229485"}],"wp:attachment":[{"href":"https:\/\/zjarr.tv\/sq\/wp-json\/wp\/v2\/media?parent=229484"}],"wp:term":[{"taxonomy":"category","embeddable":true,"href":"https:\/\/zjarr.tv\/sq\/wp-json\/wp\/v2\/categories?post=229484"},{"taxonomy":"post_tag","embeddable":true,"href":"https:\/\/zjarr.tv\/sq\/wp-json\/wp\/v2\/tags?post=229484"}],"curies":[{"name":"wp","href":"https:\/\/api.w.org\/{rel}","templated":true}]}}