{"id":229698,"date":"2022-01-10T20:50:54","date_gmt":"2022-01-10T19:50:54","guid":{"rendered":"https:\/\/zjarr.tv\/?p=229698"},"modified":"2022-01-10T20:50:54","modified_gmt":"2022-01-10T19:50:54","slug":"nderhyrja-e-policise-te-selia-e-pd-ylli-dylgjeri-kerkese-publike-gledis-nanos-botoni-kerkesen-e-deputeteve","status":"publish","type":"post","link":"https:\/\/zjarr.tv\/sq\/nderhyrja-e-policise-te-selia-e-pd-ylli-dylgjeri-kerkese-publike-gledis-nanos-botoni-kerkesen-e-deputeteve\/","title":{"rendered":"Nd\u00ebrhyrja e policis\u00eb te selia e PD\/ Ylli Dylgjeri k\u00ebrkes\u00eb publike Gledis Nanos: Botoni k\u00ebrkes\u00ebn e deputet\u00ebve"},"content":{"rendered":"<p>Pas kakofonis\u00eb s\u00eb Lulzim Bash\u00ebs mbi nd\u00ebrhyrjen n\u00eb protest\u00ebn e 8 janarit, analisti Ylli Dylgjeri i ka drejtuar nj\u00eb let\u00ebr publike Drejtorit t\u00eb P\u00ebrgjithsh\u00ebm t\u00eb Policis\u00eb s\u00eb Shtetit Gledis Nano.<\/p>\n<p>\u201cK\u00ebrkes\u00eb publike<\/p>\n<p>Zotit Gledis Nano,<\/p>\n<p>Drejtor i P\u00ebrgjithshem i Policis\u00eb s\u00eb SHTETIT!<\/p>\n<p>Tiran\u00eb, 10.1.2022<\/p>\n<p>Ju lutem, pasi lexuam, d\u00ebgjuam, komentuam, n\u00eb media se nga Ish Kryetari i PD Lulzim Basha deri te deputeti Salianji kan\u00eb p\u00ebrg\u00ebnjeshtruar Njoftimin Tuaj zyrtar \u201cse m\u00eb \u00ebsht\u00eb k\u00ebrkuar nd\u00ebrhyrja dhe Un\u00eb ja kam k\u00ebrkuar p\u00ebrmes emailit nd\u00ebrhyrjen forc\u00ebs policore,\u201d<\/p>\n<p>Pas k\u00ebtij sqarimi, bie \u00e7do aludim p\u00ebr forc\u00ebn e respektuar q\u00eb Ju drejtoni.<\/p>\n<p>Me respekt,<\/p>\n<p>Ish Sekretari i P\u00ebrgjithsh\u00ebm i MR<\/p>\n<p>Ylli Dylgjeri<\/p>\n","protected":false},"excerpt":{"rendered":"<p>Pas kakofonis\u00eb s\u00eb Lulzim Bash\u00ebs mbi nd\u00ebrhyrjen n\u00eb protest\u00ebn e 8 janarit, analisti Ylli Dylgjeri i ka drejtuar nj\u00eb let\u00ebr publike Drejtorit t\u00eb P\u00ebrgjithsh\u00ebm t\u00eb Policis\u00eb s\u00eb Shtetit Gledis Nano. \u201cK\u00ebrkes\u00eb publike Zotit Gledis Nano, Drejtor i P\u00ebrgjithshem i Policis\u00eb s\u00eb SHTETIT! Tiran\u00eb, 10.1.2022 Ju lutem, pasi lexuam, d\u00ebgjuam, komentuam, n\u00eb media se nga Ish [&hellip;]<\/p>\n","protected":false},"author":2031,"featured_media":229699,"comment_status":"closed","ping_status":"closed","sticky":false,"template":"","format":"standard","meta":{"footnotes":""},"categories":[364,231],"tags":[],"class_list":{"0":"post-229698","1":"post","2":"type-post","3":"status-publish","4":"format-standard","5":"has-post-thumbnail","7":"category-koment-opinion","8":"category-lajme"},"_links":{"self":[{"href":"https:\/\/zjarr.tv\/sq\/wp-json\/wp\/v2\/posts\/229698","targetHints":{"allow":["GET"]}}],"collection":[{"href":"https:\/\/zjarr.tv\/sq\/wp-json\/wp\/v2\/posts"}],"about":[{"href":"https:\/\/zjarr.tv\/sq\/wp-json\/wp\/v2\/types\/post"}],"author":[{"embeddable":true,"href":"https:\/\/zjarr.tv\/sq\/wp-json\/wp\/v2\/users\/2031"}],"replies":[{"embeddable":true,"href":"https:\/\/zjarr.tv\/sq\/wp-json\/wp\/v2\/comments?post=229698"}],"version-history":[{"count":0,"href":"https:\/\/zjarr.tv\/sq\/wp-json\/wp\/v2\/posts\/229698\/revisions"}],"wp:featuredmedia":[{"embeddable":true,"href":"https:\/\/zjarr.tv\/sq\/wp-json\/wp\/v2\/media\/229699"}],"wp:attachment":[{"href":"https:\/\/zjarr.tv\/sq\/wp-json\/wp\/v2\/media?parent=229698"}],"wp:term":[{"taxonomy":"category","embeddable":true,"href":"https:\/\/zjarr.tv\/sq\/wp-json\/wp\/v2\/categories?post=229698"},{"taxonomy":"post_tag","embeddable":true,"href":"https:\/\/zjarr.tv\/sq\/wp-json\/wp\/v2\/tags?post=229698"}],"curies":[{"name":"wp","href":"https:\/\/api.w.org\/{rel}","templated":true}]}}