{"id":229753,"date":"2022-01-11T12:00:49","date_gmt":"2022-01-11T11:00:49","guid":{"rendered":"https:\/\/zjarr.tv\/?p=229753"},"modified":"2022-01-11T12:00:49","modified_gmt":"2022-01-11T11:00:49","slug":"te-qeshur-krah-njeri-tjetrit-lulzim-basha-ndan-foton-me-sassolin-i-trishtuar-per-ndarjen-nga-jeta-te-mikut-te-mire-te-shqiptareve","status":"publish","type":"post","link":"https:\/\/zjarr.tv\/sq\/te-qeshur-krah-njeri-tjetrit-lulzim-basha-ndan-foton-me-sassolin-i-trishtuar-per-ndarjen-nga-jeta-te-mikut-te-mire-te-shqiptareve\/","title":{"rendered":"T\u00eb qeshur krah nj\u00ebri-tjetrit, Lulzim Basha ndan foton me Sassolin: I trishtuar, p\u00ebr ndarjen nga jeta t\u00eb mikut t\u00eb mir\u00eb t\u00eb shqiptar\u00ebve"},"content":{"rendered":"<p>Kreu i PD Lulzim Basha ndan nj\u00eb foto me presidentin e Parlamentit Europian David Sassoli dhe shkruan nj\u00eb mesazh ngush\u00ebllimi p\u00ebr ndarjen e papritur nga jeta t\u00eb tij.<\/p>\n<p>\u201cThell\u00ebsisht i trishtuar p\u00ebr ndarjen nga jeta t\u00eb David Sassoli, Presidentit t\u00eb Parlamentit Europian, miku i mir\u00eb i shqiptar\u00ebve dhe mb\u00ebshtet\u00ebs i sinqert\u00eb i aspirat\u00ebs ton\u00eb komb\u00ebtare p\u00ebr integrimin europian.<\/p>\n<p>Ngush\u00ebllimet m\u00eb t\u00eb ndjera familjes, miqve dhe bashk\u00ebpun\u00ebtorve t\u00eb tij p\u00ebr k\u00ebt\u00eb humbje pik\u00eblluese. U preht\u00eb n\u00eb paqe\u201d, shkruan Lulzim Basha, kryetar i PD n\u00eb Twitter.<\/p>\n","protected":false},"excerpt":{"rendered":"<p>Kreu i PD Lulzim Basha ndan nj\u00eb foto me presidentin e Parlamentit Europian David Sassoli dhe shkruan nj\u00eb mesazh ngush\u00ebllimi p\u00ebr ndarjen e papritur nga jeta t\u00eb tij. \u201cThell\u00ebsisht i trishtuar p\u00ebr ndarjen nga jeta t\u00eb David Sassoli, Presidentit t\u00eb Parlamentit Europian, miku i mir\u00eb i shqiptar\u00ebve dhe mb\u00ebshtet\u00ebs i sinqert\u00eb i aspirat\u00ebs ton\u00eb komb\u00ebtare [&hellip;]<\/p>\n","protected":false},"author":2030,"featured_media":229754,"comment_status":"closed","ping_status":"closed","sticky":false,"template":"","format":"standard","meta":{"footnotes":""},"categories":[241,3366,5380,231,1454],"tags":[],"class_list":{"0":"post-229753","1":"post","2":"type-post","3":"status-publish","4":"format-standard","5":"has-post-thumbnail","7":"category-aktualitet","8":"category-koment","9":"category-kryesore","10":"category-lajme","11":"category-politike"},"_links":{"self":[{"href":"https:\/\/zjarr.tv\/sq\/wp-json\/wp\/v2\/posts\/229753","targetHints":{"allow":["GET"]}}],"collection":[{"href":"https:\/\/zjarr.tv\/sq\/wp-json\/wp\/v2\/posts"}],"about":[{"href":"https:\/\/zjarr.tv\/sq\/wp-json\/wp\/v2\/types\/post"}],"author":[{"embeddable":true,"href":"https:\/\/zjarr.tv\/sq\/wp-json\/wp\/v2\/users\/2030"}],"replies":[{"embeddable":true,"href":"https:\/\/zjarr.tv\/sq\/wp-json\/wp\/v2\/comments?post=229753"}],"version-history":[{"count":0,"href":"https:\/\/zjarr.tv\/sq\/wp-json\/wp\/v2\/posts\/229753\/revisions"}],"wp:featuredmedia":[{"embeddable":true,"href":"https:\/\/zjarr.tv\/sq\/wp-json\/wp\/v2\/media\/229754"}],"wp:attachment":[{"href":"https:\/\/zjarr.tv\/sq\/wp-json\/wp\/v2\/media?parent=229753"}],"wp:term":[{"taxonomy":"category","embeddable":true,"href":"https:\/\/zjarr.tv\/sq\/wp-json\/wp\/v2\/categories?post=229753"},{"taxonomy":"post_tag","embeddable":true,"href":"https:\/\/zjarr.tv\/sq\/wp-json\/wp\/v2\/tags?post=229753"}],"curies":[{"name":"wp","href":"https:\/\/api.w.org\/{rel}","templated":true}]}}