{"id":229808,"date":"2022-01-11T21:09:29","date_gmt":"2022-01-11T20:09:29","guid":{"rendered":"https:\/\/zjarr.tv\/?p=229808"},"modified":"2022-01-11T21:11:30","modified_gmt":"2022-01-11T20:11:30","slug":"berisha-basha-i-dorezoi-escobarit-listen-e-biznesmeneve-qe-mbeshteten-foltoren","status":"publish","type":"post","link":"https:\/\/zjarr.tv\/sq\/berisha-basha-i-dorezoi-escobarit-listen-e-biznesmeneve-qe-mbeshteten-foltoren\/","title":{"rendered":"Berisha: Basha i dor\u00ebzoi Escobarit list\u00ebn e biznesmen\u00ebve q\u00eb mb\u00ebshtet\u00ebn \u2018Foltoren\u2019"},"content":{"rendered":"<p>Lideri historik i PD, Sali Berisha denoncon Lulzim Bash\u00ebn se i dor\u00ebzoi p\u00ebrfaq\u00ebsuesit t\u00eb SHBA p\u00ebr Ballkanin Per\u00ebndimor, Gabriel Escobar, nj\u00eb list\u00eb me emra biznesmen\u00ebsh q\u00eb kan\u00eb mb\u00ebshtetur \u2018Foltoren\u2019.<\/p>\n<p>Ish-kryeministri tha n\u00eb ABC se biznesmen\u00ebt jan\u00eb thirrur nj\u00eb e nga nj\u00eb n\u00eb ambasad\u00eb p\u00ebr t\u00eb dh\u00ebn\u00eb deklarimet e tyre.<\/p>\n<p>Berisha shtoi se nuk ka k\u00ebrkuar kurr\u00eb asnj\u00eb qindark\u00eb t\u00eb vetme.<\/p>\n<p>\u201cBrenda kryesis\u00eb nuk kam pyetur asnjeri pasi kryesia nuk ekziston. Me aleat\u00ebt kam komunikuar dhe jan\u00eb n\u00eb mb\u00ebshtetje t\u00eb PD dhe t\u00eb p\u00ebrpjekjes s\u00eb Rithemelimit t\u00eb saj.<\/p>\n<p>Besoj se n\u00eb m\u00ebnyr\u00eb transparente i jan\u00eb ofruar t\u00eb gjitha shanset por zoti Basha n\u00eb vend t\u00eb reflektimit mbi shkelmimin q\u00eb i b\u00ebri statutit, zgjodhi vet\u00ebm mashtrimin. Ai iu ka ofruar bashk\u00ebpun\u00ebtor\u00ebve t\u00eb tij mashtrime nga m\u00eb monstruozet.<\/p>\n<p>Ai i ofroi nj\u00eb list\u00eb me biznesmen\u00eb q\u00eb ndihmojn\u00eb \u2018Foltoren\u2019 zotit Escobar. Njer\u00ebz q\u00eb kurr\u00eb Berisha nuk ka k\u00ebrkuar jo n\u00eb \u2018Foltore\u2019, por edhe m\u00eb p\u00ebrpara asnj\u00eb qindark\u00eb t\u00eb vetme. Ata thirren nj\u00eb nga nj\u00eb n\u00eb ambasad\u00eb p\u00ebr t\u00eb dh\u00ebn\u00eb llogari si\u00e7 u thirr\u00ebn gazetar\u00ebt q\u00eb t\u00eb mos transmetojn\u00eb Foltoren. E gjitha \u00ebsht\u00eb ky. Ata q\u00eb i besojn\u00eb Bash\u00ebs b\u00ebjn\u00eb gabim t\u00eb jasht\u00ebzakonsh\u00ebm\u201d, tha Berisha.<\/p>\n","protected":false},"excerpt":{"rendered":"<p>Lideri historik i PD, Sali Berisha denoncon Lulzim Bash\u00ebn se i dor\u00ebzoi p\u00ebrfaq\u00ebsuesit t\u00eb SHBA p\u00ebr Ballkanin Per\u00ebndimor, Gabriel Escobar, nj\u00eb list\u00eb me emra biznesmen\u00ebsh q\u00eb kan\u00eb mb\u00ebshtetur \u2018Foltoren\u2019. Ish-kryeministri tha n\u00eb ABC se biznesmen\u00ebt jan\u00eb thirrur nj\u00eb e nga nj\u00eb n\u00eb ambasad\u00eb p\u00ebr t\u00eb dh\u00ebn\u00eb deklarimet e tyre. Berisha shtoi se nuk ka k\u00ebrkuar [&hellip;]<\/p>\n","protected":false},"author":2031,"featured_media":229809,"comment_status":"closed","ping_status":"closed","sticky":false,"template":"","format":"standard","meta":{"footnotes":""},"categories":[231],"tags":[],"class_list":{"0":"post-229808","1":"post","2":"type-post","3":"status-publish","4":"format-standard","5":"has-post-thumbnail","7":"category-lajme"},"_links":{"self":[{"href":"https:\/\/zjarr.tv\/sq\/wp-json\/wp\/v2\/posts\/229808","targetHints":{"allow":["GET"]}}],"collection":[{"href":"https:\/\/zjarr.tv\/sq\/wp-json\/wp\/v2\/posts"}],"about":[{"href":"https:\/\/zjarr.tv\/sq\/wp-json\/wp\/v2\/types\/post"}],"author":[{"embeddable":true,"href":"https:\/\/zjarr.tv\/sq\/wp-json\/wp\/v2\/users\/2031"}],"replies":[{"embeddable":true,"href":"https:\/\/zjarr.tv\/sq\/wp-json\/wp\/v2\/comments?post=229808"}],"version-history":[{"count":0,"href":"https:\/\/zjarr.tv\/sq\/wp-json\/wp\/v2\/posts\/229808\/revisions"}],"wp:featuredmedia":[{"embeddable":true,"href":"https:\/\/zjarr.tv\/sq\/wp-json\/wp\/v2\/media\/229809"}],"wp:attachment":[{"href":"https:\/\/zjarr.tv\/sq\/wp-json\/wp\/v2\/media?parent=229808"}],"wp:term":[{"taxonomy":"category","embeddable":true,"href":"https:\/\/zjarr.tv\/sq\/wp-json\/wp\/v2\/categories?post=229808"},{"taxonomy":"post_tag","embeddable":true,"href":"https:\/\/zjarr.tv\/sq\/wp-json\/wp\/v2\/tags?post=229808"}],"curies":[{"name":"wp","href":"https:\/\/api.w.org\/{rel}","templated":true}]}}