{"id":231687,"date":"2022-01-22T15:25:15","date_gmt":"2022-01-22T14:25:15","guid":{"rendered":"https:\/\/zjarr.tv\/?p=231687"},"modified":"2022-01-22T15:25:15","modified_gmt":"2022-01-22T14:25:15","slug":"zgjedhjet-per-kreun-e-federates-shqiptare-te-futbollit-mbahen-ne-2-mars","status":"publish","type":"post","link":"https:\/\/zjarr.tv\/sq\/zgjedhjet-per-kreun-e-federates-shqiptare-te-futbollit-mbahen-ne-2-mars\/","title":{"rendered":"Zgjedhjet p\u00ebr kreun e Federat\u00ebs Shqiptare t\u00eb Futbollit mbahen n\u00eb 2 mars"},"content":{"rendered":"<p>Federata Shqiptare e Futbollit do mbaj\u00eb Asamblen\u00eb e P\u00ebrgjithshme t\u00eb Zakonshme Zgjedhore n\u00eb 2 mars 2022, n\u00eb or\u00ebn 10:00 n\u00eb Sht\u00ebpin\u00eb e Futbollit. N\u00eb punimet e k\u00ebsaj Asambleje, an\u00ebtar\u00ebt e FSHF ve\u00e7 temave t\u00eb tjera t\u00eb rendit t\u00eb dit\u00ebs do zgjedhin edhe kreun e FSHF p\u00ebr nj\u00eb mandat 4 vje\u00e7ar.<\/p>\n<p>Kreu aktual, Armand Duka \u00ebsht\u00eb n\u00eb gar\u00eb p\u00ebr mandatin e gjasht\u00eb, teksa p\u00ebrball\u00eb tij pritet Dritan Shakohoxha. N\u00eb njoftimin shp\u00ebrndar\u00eb an\u00ebtar\u00ebve, theksohet se do ndiqen t\u00eb gjitha procedurat me verifikimet, raportet financiare, miratimin e buxheteve dhe n\u00eb fund votimet p\u00ebr presidentin e ri dhe An\u00ebtar\u00ebt e Komitetit Ekzekutiv.<\/p>\n<p><img loading=\"lazy\" decoding=\"async\" class=\"alignnone size-medium wp-image-231688\" src=\"https:\/\/zjarr.tv\/wp-content\/uploads\/2022\/01\/2-1-1-280x300.png\" alt=\"\" width=\"280\" height=\"300\" srcset=\"https:\/\/zjarr.tv\/wp-content\/uploads\/2022\/01\/2-1-1-280x300.png 280w, https:\/\/zjarr.tv\/wp-content\/uploads\/2022\/01\/2-1-1-392x420.png 392w, https:\/\/zjarr.tv\/wp-content\/uploads\/2022\/01\/2-1-1.png 485w\" sizes=\"auto, (max-width: 280px) 100vw, 280px\" \/><\/p>\n","protected":false},"excerpt":{"rendered":"<p>Federata Shqiptare e Futbollit do mbaj\u00eb Asamblen\u00eb e P\u00ebrgjithshme t\u00eb Zakonshme Zgjedhore n\u00eb 2 mars 2022, n\u00eb or\u00ebn 10:00 n\u00eb Sht\u00ebpin\u00eb e Futbollit. N\u00eb punimet e k\u00ebsaj Asambleje, an\u00ebtar\u00ebt e FSHF ve\u00e7 temave t\u00eb tjera t\u00eb rendit t\u00eb dit\u00ebs do zgjedhin edhe kreun e FSHF p\u00ebr nj\u00eb mandat 4 vje\u00e7ar. Kreu aktual, Armand Duka \u00ebsht\u00eb [&hellip;]<\/p>\n","protected":false},"author":2030,"featured_media":231689,"comment_status":"closed","ping_status":"closed","sticky":false,"template":"","format":"standard","meta":{"footnotes":""},"categories":[241,231,192],"tags":[],"class_list":{"0":"post-231687","1":"post","2":"type-post","3":"status-publish","4":"format-standard","5":"has-post-thumbnail","7":"category-aktualitet","8":"category-lajme","9":"category-sport"},"_links":{"self":[{"href":"https:\/\/zjarr.tv\/sq\/wp-json\/wp\/v2\/posts\/231687","targetHints":{"allow":["GET"]}}],"collection":[{"href":"https:\/\/zjarr.tv\/sq\/wp-json\/wp\/v2\/posts"}],"about":[{"href":"https:\/\/zjarr.tv\/sq\/wp-json\/wp\/v2\/types\/post"}],"author":[{"embeddable":true,"href":"https:\/\/zjarr.tv\/sq\/wp-json\/wp\/v2\/users\/2030"}],"replies":[{"embeddable":true,"href":"https:\/\/zjarr.tv\/sq\/wp-json\/wp\/v2\/comments?post=231687"}],"version-history":[{"count":0,"href":"https:\/\/zjarr.tv\/sq\/wp-json\/wp\/v2\/posts\/231687\/revisions"}],"wp:featuredmedia":[{"embeddable":true,"href":"https:\/\/zjarr.tv\/sq\/wp-json\/wp\/v2\/media\/231689"}],"wp:attachment":[{"href":"https:\/\/zjarr.tv\/sq\/wp-json\/wp\/v2\/media?parent=231687"}],"wp:term":[{"taxonomy":"category","embeddable":true,"href":"https:\/\/zjarr.tv\/sq\/wp-json\/wp\/v2\/categories?post=231687"},{"taxonomy":"post_tag","embeddable":true,"href":"https:\/\/zjarr.tv\/sq\/wp-json\/wp\/v2\/tags?post=231687"}],"curies":[{"name":"wp","href":"https:\/\/api.w.org\/{rel}","templated":true}]}}