{"id":231897,"date":"2022-01-23T16:08:15","date_gmt":"2022-01-23T15:08:15","guid":{"rendered":"https:\/\/zjarr.tv\/?p=231897"},"modified":"2022-01-23T16:08:15","modified_gmt":"2022-01-23T15:08:15","slug":"pse-erion-veliaj-kerkon-arrestimin-e-dukes-dhe-a-ka-lidhje-me-kunatin-koka-ne-burg","status":"publish","type":"post","link":"https:\/\/zjarr.tv\/sq\/pse-erion-veliaj-kerkon-arrestimin-e-dukes-dhe-a-ka-lidhje-me-kunatin-koka-ne-burg\/","title":{"rendered":"Pse Erion Veliaj k\u00ebrkon arrestimin e Duk\u00ebs dhe a ka lidhje, me kunatin Koka n\u00eb burg?"},"content":{"rendered":"<p><strong>Nga Alfapress.al<\/strong><\/p>\n<p>Kjo e diel e cila dukej se do kalonte qet\u00eb, shp\u00ebrtheu nga lajmi se kryetari i Bashkis\u00eb Tiran\u00eb, Erion Veliaj, k\u00ebrkon arrestimin e presidentit t\u00eb Federat\u00ebs Shqiptare t\u00eb Futbollit (FSHF) Armando Duka.<\/p>\n<p>Veliaj k\u00ebrkon arrestimin e Duk\u00ebs dhe madje e ka shtrir\u00eb sh\u00ebnjestr\u00ebn deri te agjencit\u00eb inteligjente m\u00eb t\u00eb m\u00ebdha n\u00eb bot\u00eb si DEA amerikane e cila merret me trafikun nd\u00ebrkomb\u00ebtar\u00eb t\u00eb drogave t\u00eb r\u00ebnda, FBI, Stotland Yard n\u00eb Britanin\u00eb e madhe dhe natyrisht edhe SPAK-u shqiptar\u00eb. Bashkia e Tiran\u00ebs e akuzon sot presidentin e FSHF si t\u00eb korruptuar si koka e trukimit t\u00eb ndeshjeve dhe p\u00ebr shkelje t\u00eb r\u00ebnda me klubin \u2018Tirana\u2019.<\/p>\n<p>Ky zhvillim vjen menj\u00ebher\u00eb pasi u vendos dat\u00eb e zgjedhjeve p\u00ebr kryetarin e FSHF, 2 mars 2022. Tashm\u00eb dihet prej koh\u00ebsh se Armando Duka nuk \u00ebsht\u00eb i preferuari i Edi Ram\u00ebs, i cili n\u00eb zgjedhjet e kaluara synoi ta rr\u00ebzonte nga froni duke i vendosur p\u00ebrball t\u00eb ndjerin, ish-kryeministrin Bashkim Fino.<\/p>\n<p>Federata e Futbollit ligj\u00ebrisht \u00ebsht\u00eb e ndar\u00eb nga shteti, por me sa duket kjo dosje e Erion Veliajt do t\u00eb p\u00ebrfundoj\u00eb p\u00ebrve\u00e7 t\u00eb tjerave edhe n\u00eb SPAK. Ende nuk dihet se p\u00ebrse nga ana e qeveris\u00eb, (pasi Erion Veliaj nuk b\u00ebn asgj\u00eb pa dijenin\u00eb e Ram\u00ebs, p\u00ebr gj\u00ebra kaq madhore), nisi ky sulm kaq me artileri t\u00eb r\u00ebnd\u00eb ndaj Duk\u00ebs. Burime p\u00ebr \u2018Alfapress.al\u2019 e kan\u00eb nd\u00ebrlidhur k\u00ebt\u00eb histori edhe me hetimin e SPAK ndaj Incenerator\u00ebve, n\u00eb kuad\u00ebr t\u00eb t\u00eb cilit kunati i Armand Duk\u00ebs, ish-ministri i Mjedisit,Lefter Koka, gjendet n\u00eb burg.<\/p>\n<p>N\u00ebse SPAK deri m\u00eb tani ka vepruar vet\u00ebm p\u00ebr djeg\u00ebsin e Elbasanit, n\u00eb radh\u00eb \u00ebsht\u00eb edhe afera m\u00eb e r\u00ebnd\u00eb, ajo e Inceneratorit dhe Landfillit t\u00eb Tiran\u00ebs. Lefter Koka, duket se nuk ka nd\u00ebrmend q\u00eb me burgun e tij, (sa do i shkurt\u00ebr t\u00eb jet\u00eb), t\u00eb paguaj\u00eb edhe m\u00ebkatet e t\u00eb tjer\u00ebve n\u00eb qeveri dhe n\u00eb bashkin\u00eb e Tiran\u00ebs. Ai kishte mund\u00ebsi t\u00eb largohej duke shmangur arrestimin, si\u00e7 b\u00ebri Klodian Zoto dhe Mirel M\u00ebrtiri, por zgjodhi q\u00eb t\u00eb p\u00ebrballet.<\/p>\n","protected":false},"excerpt":{"rendered":"<p>Nga Alfapress.al Kjo e diel e cila dukej se do kalonte qet\u00eb, shp\u00ebrtheu nga lajmi se kryetari i Bashkis\u00eb Tiran\u00eb, Erion Veliaj, k\u00ebrkon arrestimin e presidentit t\u00eb Federat\u00ebs Shqiptare t\u00eb Futbollit (FSHF) Armando Duka. Veliaj k\u00ebrkon arrestimin e Duk\u00ebs dhe madje e ka shtrir\u00eb sh\u00ebnjestr\u00ebn deri te agjencit\u00eb inteligjente m\u00eb t\u00eb m\u00ebdha n\u00eb bot\u00eb si [&hellip;]<\/p>\n","protected":false},"author":2020,"featured_media":231899,"comment_status":"closed","ping_status":"closed","sticky":false,"template":"","format":"standard","meta":{"footnotes":""},"categories":[241,5380,231],"tags":[],"class_list":{"0":"post-231897","1":"post","2":"type-post","3":"status-publish","4":"format-standard","5":"has-post-thumbnail","7":"category-aktualitet","8":"category-kryesore","9":"category-lajme"},"_links":{"self":[{"href":"https:\/\/zjarr.tv\/sq\/wp-json\/wp\/v2\/posts\/231897","targetHints":{"allow":["GET"]}}],"collection":[{"href":"https:\/\/zjarr.tv\/sq\/wp-json\/wp\/v2\/posts"}],"about":[{"href":"https:\/\/zjarr.tv\/sq\/wp-json\/wp\/v2\/types\/post"}],"author":[{"embeddable":true,"href":"https:\/\/zjarr.tv\/sq\/wp-json\/wp\/v2\/users\/2020"}],"replies":[{"embeddable":true,"href":"https:\/\/zjarr.tv\/sq\/wp-json\/wp\/v2\/comments?post=231897"}],"version-history":[{"count":0,"href":"https:\/\/zjarr.tv\/sq\/wp-json\/wp\/v2\/posts\/231897\/revisions"}],"wp:featuredmedia":[{"embeddable":true,"href":"https:\/\/zjarr.tv\/sq\/wp-json\/wp\/v2\/media\/231899"}],"wp:attachment":[{"href":"https:\/\/zjarr.tv\/sq\/wp-json\/wp\/v2\/media?parent=231897"}],"wp:term":[{"taxonomy":"category","embeddable":true,"href":"https:\/\/zjarr.tv\/sq\/wp-json\/wp\/v2\/categories?post=231897"},{"taxonomy":"post_tag","embeddable":true,"href":"https:\/\/zjarr.tv\/sq\/wp-json\/wp\/v2\/tags?post=231897"}],"curies":[{"name":"wp","href":"https:\/\/api.w.org\/{rel}","templated":true}]}}