{"id":231932,"date":"2022-01-23T17:24:44","date_gmt":"2022-01-23T16:24:44","guid":{"rendered":"https:\/\/zjarr.tv\/?p=231932"},"modified":"2022-01-23T17:24:44","modified_gmt":"2022-01-23T16:24:44","slug":"zgjedhjet-e-brendshme-ne-pd-spaho-zbardh-levizjet","status":"publish","type":"post","link":"https:\/\/zjarr.tv\/sq\/zgjedhjet-e-brendshme-ne-pd-spaho-zbardh-levizjet\/","title":{"rendered":"Zgjedhjet e brendshme n\u00eb PD\/ Spaho zbardh l\u00ebvizjet"},"content":{"rendered":"<p>Deputeti i PD-s\u00eb Etmond Spaho ka njoftuar se \u00ebsht\u00eb takuar me kryetar\u00ebt e grupseksioneve Maliq, Vashtemi, Libonik, Rrembec, Pirg dhe sekretarin e Deg\u00ebs s\u00eb PD Maliq me t\u00eb cil\u00ebt ka analizuar pun\u00ebn dyjavore t\u00eb b\u00ebr\u00eb p\u00ebr zgjedhjet n\u00eb k\u00ebt\u00eb Deg\u00eb.<\/p>\n<p>\u201cN\u00eb grupseksionin Pojan nga 9 seksione jan\u00eb kryer zgjedhjet n\u00eb 5 seksione.<\/p>\n<p>N\u00eb grupseksionin Vreshtas nga 12 seksione jan\u00eb kryer zgjedhjet n\u00eb 6 seksione.<\/p>\n<p>N\u00eb grupseksionin Pirg nga 12 seksione jan\u00eb kryer zgjedhjet n\u00eb 9 seksione.<\/p>\n<p>N\u00eb grupseksionin Vashtemi nga 9 seksione jan\u00eb kryer zgjedhjet n\u00eb t\u00eb 9 seksionet.<\/p>\n<p>N\u00eb grupseksionin Libonik nga 8 seksione jan\u00eb kryer zgjedhjet n\u00eb 3 seksione.<\/p>\n<p>N\u00eb grupseksionin Rrembec nga 6 seksione jan\u00eb kryer zgjedhjet n\u00eb 4 seksione.<\/p>\n<p>N\u00eb grupseksionin Zvezde nga 6 seksione jan\u00eb kryer zgjedhjet n\u00eb 3 seksione.<\/p>\n<p>N\u00eb grupseksionin Maliq qytet nga 7 seksione jan\u00eb kryer zgjedhjet n\u00eb t\u00eb 7 seksionet\u201d, njofton Spaho n\u00eb rrjete sociale. M\u00eb tej ai shkruan se n\u00eb dit\u00ebt n\u00eb vazhdim do punohet p\u00ebr seksionet e pap\u00ebrfunduara si dhe dy zonat e thella Lozhan dhe Moglic\u00eb.<\/p>\n","protected":false},"excerpt":{"rendered":"<p>Deputeti i PD-s\u00eb Etmond Spaho ka njoftuar se \u00ebsht\u00eb takuar me kryetar\u00ebt e grupseksioneve Maliq, Vashtemi, Libonik, Rrembec, Pirg dhe sekretarin e Deg\u00ebs s\u00eb PD Maliq me t\u00eb cil\u00ebt ka analizuar pun\u00ebn dyjavore t\u00eb b\u00ebr\u00eb p\u00ebr zgjedhjet n\u00eb k\u00ebt\u00eb Deg\u00eb. \u201cN\u00eb grupseksionin Pojan nga 9 seksione jan\u00eb kryer zgjedhjet n\u00eb 5 seksione. N\u00eb grupseksionin Vreshtas [&hellip;]<\/p>\n","protected":false},"author":2030,"featured_media":206243,"comment_status":"closed","ping_status":"closed","sticky":false,"template":"","format":"standard","meta":{"footnotes":""},"categories":[241,231,1454],"tags":[],"class_list":{"0":"post-231932","1":"post","2":"type-post","3":"status-publish","4":"format-standard","5":"has-post-thumbnail","7":"category-aktualitet","8":"category-lajme","9":"category-politike"},"_links":{"self":[{"href":"https:\/\/zjarr.tv\/sq\/wp-json\/wp\/v2\/posts\/231932","targetHints":{"allow":["GET"]}}],"collection":[{"href":"https:\/\/zjarr.tv\/sq\/wp-json\/wp\/v2\/posts"}],"about":[{"href":"https:\/\/zjarr.tv\/sq\/wp-json\/wp\/v2\/types\/post"}],"author":[{"embeddable":true,"href":"https:\/\/zjarr.tv\/sq\/wp-json\/wp\/v2\/users\/2030"}],"replies":[{"embeddable":true,"href":"https:\/\/zjarr.tv\/sq\/wp-json\/wp\/v2\/comments?post=231932"}],"version-history":[{"count":0,"href":"https:\/\/zjarr.tv\/sq\/wp-json\/wp\/v2\/posts\/231932\/revisions"}],"wp:featuredmedia":[{"embeddable":true,"href":"https:\/\/zjarr.tv\/sq\/wp-json\/wp\/v2\/media\/206243"}],"wp:attachment":[{"href":"https:\/\/zjarr.tv\/sq\/wp-json\/wp\/v2\/media?parent=231932"}],"wp:term":[{"taxonomy":"category","embeddable":true,"href":"https:\/\/zjarr.tv\/sq\/wp-json\/wp\/v2\/categories?post=231932"},{"taxonomy":"post_tag","embeddable":true,"href":"https:\/\/zjarr.tv\/sq\/wp-json\/wp\/v2\/tags?post=231932"}],"curies":[{"name":"wp","href":"https:\/\/api.w.org\/{rel}","templated":true}]}}