{"id":231938,"date":"2022-01-23T17:50:44","date_gmt":"2022-01-23T16:50:44","guid":{"rendered":"https:\/\/zjarr.tv\/?p=231938"},"modified":"2022-01-23T17:50:44","modified_gmt":"2022-01-23T16:50:44","slug":"gjuha-turke-ne-shkollat-e-shqiperise-vizita-e-erdogan-shpejton-aplikimin-e-projektit-pilot-zbardhet-e-maili-i-dar-drejtuar-shkollave-9-vjecare","status":"publish","type":"post","link":"https:\/\/zjarr.tv\/sq\/gjuha-turke-ne-shkollat-e-shqiperise-vizita-e-erdogan-shpejton-aplikimin-e-projektit-pilot-zbardhet-e-maili-i-dar-drejtuar-shkollave-9-vjecare\/","title":{"rendered":"Gjuha turke n\u00eb shkollat e Shqip\u00ebris\u00eb? Vizita e Erdogan \u201cshpejton\u201d aplikimin e projektit pilot. Zbardhet e-maili i DAR drejtuar shkollave 9-vje\u00e7are"},"content":{"rendered":"<p>Nga BalkanWeb<\/p>\n<p>Fill pas vizit\u00ebs e s\u00eb presidentit turk Rexhep Taip Erdogan ne vendin tone, shkollat po vler\u00ebsojn\u00eb k\u00ebrkesat per te m\u00ebsuar gjuhen turke si lende me zgjedhje te lire.<\/p>\n<p>Shkollat 9-vje\u00e7are kan\u00eb nisur t\u00eb pyesin prinderit e nx\u00ebn\u00ebsve te klasave te 6 deri ne klas\u00ebn e 9 n\u00eb lidhje me vendosjen ose jo t\u00eb gjuh\u00ebs turke si l\u00ebnd\u00eb me zgjedhje.<\/p>\n<p>Ne kete email drejtoria rajonale Arsimore Tirane k\u00ebrkon informacion te plot\u00eb nga shkollat p\u00ebr numrin e k\u00ebrkesave t\u00eb nx\u00ebn\u00ebsve p\u00ebr t\u00eb m\u00ebsuar gjuhen turke si gjuhe e huaj, pjese e kurrikules me zgjedhje pasi nxenesit t\u00eb aprovohen ne secil\u00ebn klase referuar planit komb\u00ebtar te arsimit 9 vjecar per nxenesit e klasave te 6 deri tek klasat e 9.<\/p>\n<p>Mesueset kujdestare kane d\u00ebrguar tek prinderit jav\u00ebn qe kaloi mesazhe ku k\u00ebrkohet te mblidhen t\u00eb dh\u00ebnat mbi preferencat per gjuhen turke<\/p>\n<p>Nd\u00ebrsa n\u00eb Fletoren Zyrtare \u00ebsht\u00eb publikuar ne dat\u00ebn 2 mars 2021 marr\u00ebveshja mes dy vendeve e cila parashikon futjen e gjuh\u00ebs turke n\u00eb shkollat shqipe si l\u00ebnd\u00eb e nj\u00eb gjuhe t\u00eb huaj me zgjedhje t\u00eb lir\u00eb, me q\u00ebllim nj\u00eb programi pilot n\u00eb gjuh\u00ebn turke. Referuar marr\u00ebveshjes, n\u00eb nenin 3. pika 2, theksohet qart\u00eb se pal\u00ebt do t\u00eb inkurajojn\u00eb m\u00ebsimdh\u00ebnien dhe nx\u00ebnien e gjuh\u00ebs zyrtare t\u00eb pal\u00ebs tjet\u00ebr, si dhe let\u00ebrsin\u00eb e kultur\u00ebn brenda sistemit t\u00eb tyre arsimor.<\/p>\n<p><img loading=\"lazy\" decoding=\"async\" class=\"alignnone size-medium wp-image-231939\" src=\"https:\/\/zjarr.tv\/wp-content\/uploads\/2022\/01\/ghhg-300x258.png\" alt=\"\" width=\"300\" height=\"258\" srcset=\"https:\/\/zjarr.tv\/wp-content\/uploads\/2022\/01\/ghhg-300x258.png 300w, https:\/\/zjarr.tv\/wp-content\/uploads\/2022\/01\/ghhg.png 482w\" sizes=\"auto, (max-width: 300px) 100vw, 300px\" \/><\/p>\n","protected":false},"excerpt":{"rendered":"<p>Nga BalkanWeb Fill pas vizit\u00ebs e s\u00eb presidentit turk Rexhep Taip Erdogan ne vendin tone, shkollat po vler\u00ebsojn\u00eb k\u00ebrkesat per te m\u00ebsuar gjuhen turke si lende me zgjedhje te lire. Shkollat 9-vje\u00e7are kan\u00eb nisur t\u00eb pyesin prinderit e nx\u00ebn\u00ebsve te klasave te 6 deri ne klas\u00ebn e 9 n\u00eb lidhje me vendosjen ose jo t\u00eb [&hellip;]<\/p>\n","protected":false},"author":2030,"featured_media":231940,"comment_status":"closed","ping_status":"closed","sticky":false,"template":"","format":"standard","meta":{"footnotes":""},"categories":[241,231],"tags":[],"class_list":{"0":"post-231938","1":"post","2":"type-post","3":"status-publish","4":"format-standard","5":"has-post-thumbnail","7":"category-aktualitet","8":"category-lajme"},"_links":{"self":[{"href":"https:\/\/zjarr.tv\/sq\/wp-json\/wp\/v2\/posts\/231938","targetHints":{"allow":["GET"]}}],"collection":[{"href":"https:\/\/zjarr.tv\/sq\/wp-json\/wp\/v2\/posts"}],"about":[{"href":"https:\/\/zjarr.tv\/sq\/wp-json\/wp\/v2\/types\/post"}],"author":[{"embeddable":true,"href":"https:\/\/zjarr.tv\/sq\/wp-json\/wp\/v2\/users\/2030"}],"replies":[{"embeddable":true,"href":"https:\/\/zjarr.tv\/sq\/wp-json\/wp\/v2\/comments?post=231938"}],"version-history":[{"count":0,"href":"https:\/\/zjarr.tv\/sq\/wp-json\/wp\/v2\/posts\/231938\/revisions"}],"wp:featuredmedia":[{"embeddable":true,"href":"https:\/\/zjarr.tv\/sq\/wp-json\/wp\/v2\/media\/231940"}],"wp:attachment":[{"href":"https:\/\/zjarr.tv\/sq\/wp-json\/wp\/v2\/media?parent=231938"}],"wp:term":[{"taxonomy":"category","embeddable":true,"href":"https:\/\/zjarr.tv\/sq\/wp-json\/wp\/v2\/categories?post=231938"},{"taxonomy":"post_tag","embeddable":true,"href":"https:\/\/zjarr.tv\/sq\/wp-json\/wp\/v2\/tags?post=231938"}],"curies":[{"name":"wp","href":"https:\/\/api.w.org\/{rel}","templated":true}]}}