{"id":231943,"date":"2022-01-23T18:01:45","date_gmt":"2022-01-23T17:01:45","guid":{"rendered":"https:\/\/zjarr.tv\/?p=231943"},"modified":"2022-01-23T18:01:45","modified_gmt":"2022-01-23T17:01:45","slug":"legalizimi-i-hashashit-ne-shqiperi-per-perdorim-mjekesor-tritan-shehu-e-thote-troc-ja-cili-eshte-synimi-i-rames","status":"publish","type":"post","link":"https:\/\/zjarr.tv\/sq\/legalizimi-i-hashashit-ne-shqiperi-per-perdorim-mjekesor-tritan-shehu-e-thote-troc-ja-cili-eshte-synimi-i-rames\/","title":{"rendered":"Legalizimi i hashashit n\u00eb Shqip\u00ebri p\u00ebr p\u00ebrdorim mjek\u00ebsor\/ Tritan Shehu e thot\u00eb tro\u00e7, ja cili \u00ebsht\u00eb synimi i Ram\u00ebs"},"content":{"rendered":"<p>Deputeti demokrat Tritan Shehu ka komentuar legalizimin e mundsh\u00ebm t\u00eb hashashit n\u00eb vendin ton\u00eb. Sipas tij, Rama, me k\u00ebt\u00eb iniciativ\u00eb, d\u00ebshiron q\u00eb t\u00eb ligj\u00ebroj\u00eb grupet kriminale.<\/p>\n<p>\u201cNuk jemi gati p\u00ebr t\u00eb legalizuar hashashin. Rama do q\u00eb t\u00eb legalizoj\u00eb grupet kriminale t\u00eb trafikut t\u00eb drog\u00ebs. Nuk ka treg q\u00eb t\u00eb p\u00ebrdoret kanabisi mjek\u00ebsor. Kanabisi sjell t\u00eb ardhura nga trafiku dhe jo nga p\u00ebrdorimi mjek\u00ebsor. Rama do t\u00eb legalizoj\u00eb kanabisin dhe k\u00ebtu ka fitime marramend\u00ebse. Asnj\u00eb popull nuk \u00ebsht\u00eb pasuruar nga droga dhe veprimtaria kriminale, merr Afganistanin, Iranin, Kolumbin\u00eb. Jan\u00eb vende t\u00eb varf\u00ebra, sepse paraja shkon vet\u00ebm tek grupet kriminale.<\/p>\n<p>N\u00eb k\u00ebt\u00eb m\u00ebnyr\u00eb, t\u00eb rinjt\u00eb do t\u00eb p\u00ebrdorin masivisht kanabisin. Kanabisi nuk hyn te drog\u00ebrat e forta, por se \u00e7on m\u00eb von\u00eb tek kokaina, tek heroina, kanabisi \u00e7on n\u00eb skizofreni, sjell probleme me kriminalitetin. T\u00eb varurit nga droga e kan\u00eb nisur me kanabisin dhe m\u00eb pas me drog\u00ebra m\u00eb t\u00eb forta\u201d, deklaroi Shehu.<\/p>\n","protected":false},"excerpt":{"rendered":"<p>Deputeti demokrat Tritan Shehu ka komentuar legalizimin e mundsh\u00ebm t\u00eb hashashit n\u00eb vendin ton\u00eb. Sipas tij, Rama, me k\u00ebt\u00eb iniciativ\u00eb, d\u00ebshiron q\u00eb t\u00eb ligj\u00ebroj\u00eb grupet kriminale. \u201cNuk jemi gati p\u00ebr t\u00eb legalizuar hashashin. Rama do q\u00eb t\u00eb legalizoj\u00eb grupet kriminale t\u00eb trafikut t\u00eb drog\u00ebs. Nuk ka treg q\u00eb t\u00eb p\u00ebrdoret kanabisi mjek\u00ebsor. Kanabisi sjell t\u00eb [&hellip;]<\/p>\n","protected":false},"author":2030,"featured_media":162773,"comment_status":"closed","ping_status":"closed","sticky":false,"template":"","format":"standard","meta":{"footnotes":""},"categories":[241,231,1454],"tags":[],"class_list":{"0":"post-231943","1":"post","2":"type-post","3":"status-publish","4":"format-standard","5":"has-post-thumbnail","7":"category-aktualitet","8":"category-lajme","9":"category-politike"},"_links":{"self":[{"href":"https:\/\/zjarr.tv\/sq\/wp-json\/wp\/v2\/posts\/231943","targetHints":{"allow":["GET"]}}],"collection":[{"href":"https:\/\/zjarr.tv\/sq\/wp-json\/wp\/v2\/posts"}],"about":[{"href":"https:\/\/zjarr.tv\/sq\/wp-json\/wp\/v2\/types\/post"}],"author":[{"embeddable":true,"href":"https:\/\/zjarr.tv\/sq\/wp-json\/wp\/v2\/users\/2030"}],"replies":[{"embeddable":true,"href":"https:\/\/zjarr.tv\/sq\/wp-json\/wp\/v2\/comments?post=231943"}],"version-history":[{"count":0,"href":"https:\/\/zjarr.tv\/sq\/wp-json\/wp\/v2\/posts\/231943\/revisions"}],"wp:featuredmedia":[{"embeddable":true,"href":"https:\/\/zjarr.tv\/sq\/wp-json\/wp\/v2\/media\/162773"}],"wp:attachment":[{"href":"https:\/\/zjarr.tv\/sq\/wp-json\/wp\/v2\/media?parent=231943"}],"wp:term":[{"taxonomy":"category","embeddable":true,"href":"https:\/\/zjarr.tv\/sq\/wp-json\/wp\/v2\/categories?post=231943"},{"taxonomy":"post_tag","embeddable":true,"href":"https:\/\/zjarr.tv\/sq\/wp-json\/wp\/v2\/tags?post=231943"}],"curies":[{"name":"wp","href":"https:\/\/api.w.org\/{rel}","templated":true}]}}