{"id":231946,"date":"2022-01-23T18:07:47","date_gmt":"2022-01-23T17:07:47","guid":{"rendered":"https:\/\/zjarr.tv\/?p=231946"},"modified":"2022-01-23T18:07:47","modified_gmt":"2022-01-23T17:07:47","slug":"fotolajm-berisha-akuzoi-bashen-se-gjate-meshes-po-fliste-me-ramen-ja-cfare-kishte-ne-dore-kreu-i-pd","status":"publish","type":"post","link":"https:\/\/zjarr.tv\/sq\/fotolajm-berisha-akuzoi-bashen-se-gjate-meshes-po-fliste-me-ramen-ja-cfare-kishte-ne-dore-kreu-i-pd\/","title":{"rendered":"FOTOLAJM\/ Berisha akuzoi Bash\u00ebn se gjat\u00eb mesh\u00ebs po fliste me Ram\u00ebn, ja \u00e7far\u00eb kishte n\u00eb dor\u00eb kreu i PD"},"content":{"rendered":"<p>Ish-kryeministri Sali Berisha akuzoi kreun e Partis\u00eb Demokratike Lulzim Basha se gjat\u00eb ceremonis\u00eb n\u00eb Kish\u00ebn Katolike ka qen\u00eb duke komunikuar me kryeministrin Edi Rama.<\/p>\n<p>Berisha publikoi nj\u00eb foto n\u00eb rrjetet sociale ku shkruan: \u201cEdhe n\u00eb sht\u00ebpin\u00eb e Zotit, n\u00eb vend t\u00eb ndjekin mesh\u00ebn flasin me nj\u00ebri-tjetrin! Zoti i\u2026\u201d.<\/p>\n<p><img loading=\"lazy\" decoding=\"async\" class=\"alignnone size-medium wp-image-231947\" src=\"https:\/\/zjarr.tv\/wp-content\/uploads\/2022\/01\/SALI-BERISHA-1-1-713x450-1-300x189.jpg\" alt=\"\" width=\"300\" height=\"189\" srcset=\"https:\/\/zjarr.tv\/wp-content\/uploads\/2022\/01\/SALI-BERISHA-1-1-713x450-1-300x189.jpg 300w, https:\/\/zjarr.tv\/wp-content\/uploads\/2022\/01\/SALI-BERISHA-1-1-713x450-1-696x439.jpg 696w, https:\/\/zjarr.tv\/wp-content\/uploads\/2022\/01\/SALI-BERISHA-1-1-713x450-1-665x420.jpg 665w, https:\/\/zjarr.tv\/wp-content\/uploads\/2022\/01\/SALI-BERISHA-1-1-713x450-1.jpg 713w\" sizes=\"auto, (max-width: 300px) 100vw, 300px\" \/><\/p>\n<p>Por si q\u00ebndron e v\u00ebrtet e fotos s\u00eb publikuar nga Berisha? Nj\u00eb tjet\u00ebr foto e kapur nga nj\u00eb k\u00ebnd i qart\u00eb, tregon se kryedemokrati Basha nuk ka qen\u00eb duke p\u00ebrdorur telefonin n\u00eb mesh\u00eb, sikund\u00ebr Rama. Lulzim Basha ka pasur n\u00eb duar programin e ceremonis\u00eb s\u00eb s\u00eb zhvilluar n\u00eb kish\u00eb.<\/p>\n<p><img loading=\"lazy\" decoding=\"async\" class=\"alignnone size-medium wp-image-231948\" src=\"https:\/\/zjarr.tv\/wp-content\/uploads\/2022\/01\/BASHA-1-1-600x335-1-300x168.jpg\" alt=\"\" width=\"300\" height=\"168\" srcset=\"https:\/\/zjarr.tv\/wp-content\/uploads\/2022\/01\/BASHA-1-1-600x335-1-300x168.jpg 300w, https:\/\/zjarr.tv\/wp-content\/uploads\/2022\/01\/BASHA-1-1-600x335-1.jpg 600w\" sizes=\"auto, (max-width: 300px) 100vw, 300px\" \/><\/p>\n<p>Si\u00e7 mund t\u00eb vihet re Basha ka pasur n\u00eb krah ambasadorin e Spanj\u00ebs n\u00eb Shqip\u00ebri, para tij ishte ulur presidenti Ilir Meta dhe n\u00eb krah t\u00eb kreut t\u00eb shtetit q\u00ebndrojn\u00eb kryeparlamentarja Nikolla dhe kreu i qeveris\u00eb Rama.<\/p>\n","protected":false},"excerpt":{"rendered":"<p>Ish-kryeministri Sali Berisha akuzoi kreun e Partis\u00eb Demokratike Lulzim Basha se gjat\u00eb ceremonis\u00eb n\u00eb Kish\u00ebn Katolike ka qen\u00eb duke komunikuar me kryeministrin Edi Rama. Berisha publikoi nj\u00eb foto n\u00eb rrjetet sociale ku shkruan: \u201cEdhe n\u00eb sht\u00ebpin\u00eb e Zotit, n\u00eb vend t\u00eb ndjekin mesh\u00ebn flasin me nj\u00ebri-tjetrin! Zoti i\u2026\u201d. Por si q\u00ebndron e v\u00ebrtet e fotos [&hellip;]<\/p>\n","protected":false},"author":2030,"featured_media":231949,"comment_status":"closed","ping_status":"closed","sticky":false,"template":"","format":"standard","meta":{"footnotes":""},"categories":[241,1454],"tags":[],"class_list":{"0":"post-231946","1":"post","2":"type-post","3":"status-publish","4":"format-standard","5":"has-post-thumbnail","7":"category-aktualitet","8":"category-politike"},"_links":{"self":[{"href":"https:\/\/zjarr.tv\/sq\/wp-json\/wp\/v2\/posts\/231946","targetHints":{"allow":["GET"]}}],"collection":[{"href":"https:\/\/zjarr.tv\/sq\/wp-json\/wp\/v2\/posts"}],"about":[{"href":"https:\/\/zjarr.tv\/sq\/wp-json\/wp\/v2\/types\/post"}],"author":[{"embeddable":true,"href":"https:\/\/zjarr.tv\/sq\/wp-json\/wp\/v2\/users\/2030"}],"replies":[{"embeddable":true,"href":"https:\/\/zjarr.tv\/sq\/wp-json\/wp\/v2\/comments?post=231946"}],"version-history":[{"count":0,"href":"https:\/\/zjarr.tv\/sq\/wp-json\/wp\/v2\/posts\/231946\/revisions"}],"wp:featuredmedia":[{"embeddable":true,"href":"https:\/\/zjarr.tv\/sq\/wp-json\/wp\/v2\/media\/231949"}],"wp:attachment":[{"href":"https:\/\/zjarr.tv\/sq\/wp-json\/wp\/v2\/media?parent=231946"}],"wp:term":[{"taxonomy":"category","embeddable":true,"href":"https:\/\/zjarr.tv\/sq\/wp-json\/wp\/v2\/categories?post=231946"},{"taxonomy":"post_tag","embeddable":true,"href":"https:\/\/zjarr.tv\/sq\/wp-json\/wp\/v2\/tags?post=231946"}],"curies":[{"name":"wp","href":"https:\/\/api.w.org\/{rel}","templated":true}]}}