{"id":231952,"date":"2022-01-23T18:10:30","date_gmt":"2022-01-23T17:10:30","guid":{"rendered":"https:\/\/zjarr.tv\/?p=231952"},"modified":"2022-01-23T18:10:30","modified_gmt":"2022-01-23T17:10:30","slug":"zgjedhjet-lokale-avokati-altin-goxhaj-kandidatet-e-bashes-dhe-rames-jane-te-sorosit-lsi-ja-te-bashkepunojne-me-pd-ne-e-berishes","status":"publish","type":"post","link":"https:\/\/zjarr.tv\/sq\/zgjedhjet-lokale-avokati-altin-goxhaj-kandidatet-e-bashes-dhe-rames-jane-te-sorosit-lsi-ja-te-bashkepunojne-me-pd-ne-e-berishes\/","title":{"rendered":"Zgjedhjet lokale\/ Avokati Altin Goxhaj: Kandidat\u00ebt e Bash\u00ebs dhe Ram\u00ebs jan\u00eb t\u00eb Sorosit, LSI-ja t\u00eb bashk\u00ebpunojn\u00eb me PD-n\u00eb e Berish\u00ebs!"},"content":{"rendered":"<p>Avokati Altin Goxhaj i ftuar n\u00eb studion e \u201cFax News\u201d ka folur p\u00ebr zgjedhjet e pjesshme vendore q\u00eb do t\u00eb zhvillohen m\u00eb 6 mars.<\/p>\n<p>Sipas Goxhajt, n\u00eb k\u00ebto zgjedhje Rama dhe Basha kan\u00eb kandidat\u00eb t\u00eb nj\u00ebjt\u00eb duke i etiketuar si t\u00eb \u201cSorosit\u201d nd\u00ebrsa n\u00eb krahun tjet\u00ebr i b\u00ebn thirrje grupit t\u00eb Rithemelimit t\u00eb bashk\u00ebpunoj\u00eb me LSI-n\u00eb n\u00eb k\u00ebto zgjedhje.<\/p>\n<p>\u201cN\u00eb KQZ jan\u00eb 6 veta t\u00eb pushtetit, nj\u00eb \u00ebsht\u00eb i opozit\u00ebs, sepse un\u00eb smund ta quaj p\u00ebrfaq\u00ebsues t\u00eb Lulzim Bash\u00ebs p\u00ebrfaq\u00ebsues t\u00eb opozit\u00ebs. M\u00ebnyra si jan\u00eb konfiguruar strukturat zgjedhore k\u00ebsaj here jan\u00eb totalisht t\u00eb pushtetit, ka vet\u00ebm nj\u00eb p\u00ebrfaq\u00ebsues LSI-ja n\u00eb KZAZ n\u00eb qendra votimi kurse n\u00eb tavolina do ti l\u00ebn\u00eb LSI-s\u00eb nj\u00eb n\u00eb dy tavolina num\u00ebrimi. Pra ne kemi pushtetin e Sororis q\u00eb \u00ebsht\u00eb PS \u2013 PD e Bash\u00ebs dhe p\u00ebrball\u00eb \u00ebsht\u00eb anti-Sorosi. Kemi kandidat\u00ebt e PS dhe kandidat\u00ebt e Edi Ram\u00ebs t\u00eb dy pal\u00ebt jan\u00eb nga i nj\u00ebjti lloj sepse p\u00ebrfaq\u00ebsojn\u00eb Sorosin. P\u00ebrball\u00eb kemi t\u00eb kund\u00ebrt\u00ebn e tyre por nuk e dim\u00eb si do t\u00eb jen\u00eb por e sigurt q\u00eb nuk do t\u00eb jen\u00eb t\u00eb Sorosit dhe partit\u00eb e tjera p\u00ebrgjith\u00ebsisht jan\u00eb t\u00eb pozicionuara n\u00eb krah t\u00eb Berish\u00ebs p\u00ebrgjith\u00ebsisht. Kandidat\u00ebt e Lulzim Bash\u00ebs dhe Edi Ram\u00ebs i bashkon Sorosi. Un\u00eb do t\u00eb doja q\u00eb t\u2019i b\u00ebj thirrje opozit\u00ebs q\u00eb ka p\u00ebrball\u00eb pushtetin e Sorosit dhe ajo q\u00eb e dallon formacionin e opozit\u00ebs nga ajo q\u00eb ka p\u00ebrball\u00eb \u00ebsht\u00eb fjala \u201cSoros\u201d.<\/p>\n<p>P\u00ebr shkak t\u00eb Kodit zgjedhor i vetmi kandidat q\u00eb nuk \u00ebsht\u00eb i pushtetit t\u00eb Sorosit \u00ebsht\u00eb i LSI-s\u00eb n\u00ebse ajo do t\u00eb pozicionohet kund\u00ebr Sorosit. LSI nuk ka asnj\u00eb shans t\u00eb fitoj\u00eb zgjedhjet. Pra e vetmja zgjidhje p\u00ebr tu p\u00ebrballur me k\u00ebt\u00eb situat\u00eb \u00ebsht\u00eb q\u00eb t\u00eb kemi nj\u00eb front t\u00eb madh opozitar \u00ebsht\u00eb q\u00eb PD e 11 dhjetorit t\u00eb bashkohet ngusht\u00ebsisht me LSI e cila \u00ebsht\u00eb e vetmja q\u00eb ka an\u00ebtar\u00eb n\u00eb KZAZ n\u00eb qendra votimi dhe qendra num\u00ebrimi, LSI \u00ebsht\u00eb shum\u00eb e r\u00ebnd\u00ebsishme n\u00eb k\u00ebt\u00eb moment. N\u00ebse LSI dhe PD do ta kuptoj\u00eb q\u00eb aleanca e tyre \u00ebsht\u00eb detyrim p\u00ebr shkak t\u00eb porcedur\u00ebs k\u00ebt\u00eb gj\u00eb duhet t\u2019ia shpjegoj\u00eb popullit. Basha dhe Rama jan\u00eb bashk\u00eb n\u00eb k\u00ebt\u00eb loj\u00eb, forcat opozitare duhet t\u00eb ulen urgjentisht n\u00eb tavolin\u00eb t\u00eb p\u00ebrbashk\u00ebt\u201d, tha Goxhaj.<\/p>\n","protected":false},"excerpt":{"rendered":"<p>Avokati Altin Goxhaj i ftuar n\u00eb studion e \u201cFax News\u201d ka folur p\u00ebr zgjedhjet e pjesshme vendore q\u00eb do t\u00eb zhvillohen m\u00eb 6 mars. Sipas Goxhajt, n\u00eb k\u00ebto zgjedhje Rama dhe Basha kan\u00eb kandidat\u00eb t\u00eb nj\u00ebjt\u00eb duke i etiketuar si t\u00eb \u201cSorosit\u201d nd\u00ebrsa n\u00eb krahun tjet\u00ebr i b\u00ebn thirrje grupit t\u00eb Rithemelimit t\u00eb bashk\u00ebpunoj\u00eb me [&hellip;]<\/p>\n","protected":false},"author":2030,"featured_media":231953,"comment_status":"closed","ping_status":"closed","sticky":false,"template":"","format":"standard","meta":{"footnotes":""},"categories":[241,3366,231,1454],"tags":[],"class_list":{"0":"post-231952","1":"post","2":"type-post","3":"status-publish","4":"format-standard","5":"has-post-thumbnail","7":"category-aktualitet","8":"category-koment","9":"category-lajme","10":"category-politike"},"_links":{"self":[{"href":"https:\/\/zjarr.tv\/sq\/wp-json\/wp\/v2\/posts\/231952","targetHints":{"allow":["GET"]}}],"collection":[{"href":"https:\/\/zjarr.tv\/sq\/wp-json\/wp\/v2\/posts"}],"about":[{"href":"https:\/\/zjarr.tv\/sq\/wp-json\/wp\/v2\/types\/post"}],"author":[{"embeddable":true,"href":"https:\/\/zjarr.tv\/sq\/wp-json\/wp\/v2\/users\/2030"}],"replies":[{"embeddable":true,"href":"https:\/\/zjarr.tv\/sq\/wp-json\/wp\/v2\/comments?post=231952"}],"version-history":[{"count":0,"href":"https:\/\/zjarr.tv\/sq\/wp-json\/wp\/v2\/posts\/231952\/revisions"}],"wp:featuredmedia":[{"embeddable":true,"href":"https:\/\/zjarr.tv\/sq\/wp-json\/wp\/v2\/media\/231953"}],"wp:attachment":[{"href":"https:\/\/zjarr.tv\/sq\/wp-json\/wp\/v2\/media?parent=231952"}],"wp:term":[{"taxonomy":"category","embeddable":true,"href":"https:\/\/zjarr.tv\/sq\/wp-json\/wp\/v2\/categories?post=231952"},{"taxonomy":"post_tag","embeddable":true,"href":"https:\/\/zjarr.tv\/sq\/wp-json\/wp\/v2\/tags?post=231952"}],"curies":[{"name":"wp","href":"https:\/\/api.w.org\/{rel}","templated":true}]}}