{"id":231958,"date":"2022-01-23T20:22:32","date_gmt":"2022-01-23T19:22:32","guid":{"rendered":"https:\/\/zjarr.tv\/?p=231958"},"modified":"2022-01-23T20:22:32","modified_gmt":"2022-01-23T19:22:32","slug":"dikur-fmn-paralajmeronte-se-vendi-mund-te-kthehet-ne-parajse-te-parave-te-trafikut-rama-rikthen-idene-e-amnistise-fiskale-e-penale","status":"publish","type":"post","link":"https:\/\/zjarr.tv\/sq\/dikur-fmn-paralajmeronte-se-vendi-mund-te-kthehet-ne-parajse-te-parave-te-trafikut-rama-rikthen-idene-e-amnistise-fiskale-e-penale\/","title":{"rendered":"Dikur FMN paralajm\u00ebronte se vendi mund t\u00eb kthehet n\u00eb parajs\u00eb t\u00eb parave t\u00eb trafikut\/ Rama rikthen iden\u00eb e amnistis\u00eb fiskale e penale"},"content":{"rendered":"<p>Kryeministri Edi Rama hodhi n\u00eb \u201cdiskutim publik\u201d iden\u00eb e tij kontroverse t\u00eb aministis\u00eb fiskale dhe penale, duke e prezantuar at\u00eb si nj\u00eb iniciativ\u00eb q\u00eb synon t\u00eb ndihmoj\u00eb emigrant\u00ebt q\u00eb kan\u00eb fituar para t\u00eb kursyera cash dhe si t\u00eb tilla, duhet t\u2019i depozitojn\u00eb n\u00eb ndonj\u00eb bank\u00eb, nj\u00eb ide nga e cila ishte t\u00ebhequr n\u00eb qershor 2020 pas presionit t\u00eb lart\u00eb t\u00eb Bashkimit Evropian dhe Fondit Monetar Nd\u00ebrkomb\u00ebtar.<\/p>\n<p>Rama e riprezantoi k\u00ebt\u00eb ide n\u00eb platform\u00ebn e ashtuquajtur \u201cK\u00ebshillim komb\u00ebtar\u201d dhe \u201cLe t\u00eb d\u00ebgjojm\u00eb nj\u00ebri-tjetrin\u201d, ku mes pyetjeve t\u00eb ndryshme, t\u00eb cilat lidhen me \u00e7\u00ebshtje periferike, qytetar\u00ebt pyeten n\u00eb k\u00ebt\u00eb m\u00ebnyr\u00eb:<\/p>\n<p>\u201cKa njer\u00ebz q\u00eb thon\u00eb se emigrant\u00ebve shqiptar\u00eb q\u00eb duan t\u00eb depozitojn\u00eb n\u00eb Shqip\u00ebri kursimet e tyre duhet t\u2019u jepet amnisti e plot\u00eb. T\u00eb tjer\u00eb thon\u00eb se depozitimet n\u00eb vendin ton\u00eb t\u00eb kursimeve t\u00eb pun\u00ebs n\u00eb emigracion nuk duhen inkurajuar p\u00ebrmes amnistis\u00eb. Ju si mendoni?\u201d<\/p>\n<p>Rama nuk shpjegon se cil\u00ebt jan\u00eb njer\u00ebzit q\u00eb mb\u00ebshtesin aministin\u00eb dhe as ata t\u00eb cil\u00ebt mendojn\u00eb se \u201cnuk duhen inkurajuar\u201d, nd\u00ebrkoh\u00eb q\u00eb shqet\u00ebsimet reale t\u00eb Bashkimit Evropian, FMN-s\u00eb dhe t\u00eb tjer\u00ebve, nuk lidhen me parat\u00eb e emigrant\u00ebve por me parat\u00eb e krimit dhe t\u00eb korrupsionit.  Ai nuk jep ndonj\u00eb t\u00eb dh\u00ebn\u00eb nga ndonj\u00eb studim a tjet\u00ebr, q\u00eb t\u00eb sugjeroj\u00eb se emigrant\u00ebt me t\u00eb v\u00ebrtet\u00eb kan\u00eb nj\u00eb problem t\u00eb till\u00eb, pra q\u00eb kan\u00eb para n\u00eb sasi t\u00eb konsiderueshme t\u00eb kursyera n\u00ebn dyshek dhe q\u00eb si t\u00eb tilla, nuk kan\u00eb mund\u00ebsin\u00eb t\u2019i depozitojn\u00eb n\u00ebp\u00ebr banka apo t\u2019i investojn\u00eb.<\/p>\n<p>Fondi Monetar Nd\u00ebrkomb\u00ebtar e kritikoi nism\u00ebn e Ram\u00ebs si nj\u00eb e till\u00eb q\u00eb do t\u00eb hedh\u00eb n\u00eb er\u00eb respektin e qytetar\u00ebve p\u00ebr ligjet fiskale si dhe q\u00eb mund t\u00eb p\u00ebrdoret p\u00ebr pastrim parash. M\u00eb von\u00eb, Bashkimi Evropian i b\u00ebri t\u00eb qart\u00eb qeveris\u00eb se ishte kund\u00ebr, duke ngritur pik\u00ebpyetje n\u00ebse ligji aktual kund\u00ebr pastrimit t\u00eb produkteve t\u00eb veprave penale, do t\u00eb ishye n\u00eb fuqi apo jo gjat\u00eb koh\u00ebs s\u00eb zbatimit t\u00eb k\u00ebsaj amnistie.<\/p>\n<p>Shumica socialiste u t\u00ebrhoq nga miratimi n\u00eb korrik 2020, nd\u00ebrsa projektligji aktualisht \u00ebsht\u00eb sh\u00ebnuar si \u201ckthyer te propozuesi\u201d.<\/p>\n<p>Shqip\u00ebria konsiderohet si nj\u00eb vend me rrezik t\u00eb lart\u00eb p\u00ebr pastrimin e parave dhe me mekanizma t\u00eb dob\u00ebta ligjzbatuese p\u00ebr identifikimin, hetimin dhe sekuestrimin e parave t\u00eb pista. \/BIRN\/<\/p>\n","protected":false},"excerpt":{"rendered":"<p>Kryeministri Edi Rama hodhi n\u00eb \u201cdiskutim publik\u201d iden\u00eb e tij kontroverse t\u00eb aministis\u00eb fiskale dhe penale, duke e prezantuar at\u00eb si nj\u00eb iniciativ\u00eb q\u00eb synon t\u00eb ndihmoj\u00eb emigrant\u00ebt q\u00eb kan\u00eb fituar para t\u00eb kursyera cash dhe si t\u00eb tilla, duhet t\u2019i depozitojn\u00eb n\u00eb ndonj\u00eb bank\u00eb, nj\u00eb ide nga e cila ishte t\u00ebhequr n\u00eb qershor 2020 [&hellip;]<\/p>\n","protected":false},"author":2031,"featured_media":205747,"comment_status":"closed","ping_status":"closed","sticky":false,"template":"","format":"standard","meta":{"footnotes":""},"categories":[231],"tags":[],"class_list":{"0":"post-231958","1":"post","2":"type-post","3":"status-publish","4":"format-standard","5":"has-post-thumbnail","7":"category-lajme"},"_links":{"self":[{"href":"https:\/\/zjarr.tv\/sq\/wp-json\/wp\/v2\/posts\/231958","targetHints":{"allow":["GET"]}}],"collection":[{"href":"https:\/\/zjarr.tv\/sq\/wp-json\/wp\/v2\/posts"}],"about":[{"href":"https:\/\/zjarr.tv\/sq\/wp-json\/wp\/v2\/types\/post"}],"author":[{"embeddable":true,"href":"https:\/\/zjarr.tv\/sq\/wp-json\/wp\/v2\/users\/2031"}],"replies":[{"embeddable":true,"href":"https:\/\/zjarr.tv\/sq\/wp-json\/wp\/v2\/comments?post=231958"}],"version-history":[{"count":0,"href":"https:\/\/zjarr.tv\/sq\/wp-json\/wp\/v2\/posts\/231958\/revisions"}],"wp:featuredmedia":[{"embeddable":true,"href":"https:\/\/zjarr.tv\/sq\/wp-json\/wp\/v2\/media\/205747"}],"wp:attachment":[{"href":"https:\/\/zjarr.tv\/sq\/wp-json\/wp\/v2\/media?parent=231958"}],"wp:term":[{"taxonomy":"category","embeddable":true,"href":"https:\/\/zjarr.tv\/sq\/wp-json\/wp\/v2\/categories?post=231958"},{"taxonomy":"post_tag","embeddable":true,"href":"https:\/\/zjarr.tv\/sq\/wp-json\/wp\/v2\/tags?post=231958"}],"curies":[{"name":"wp","href":"https:\/\/api.w.org\/{rel}","templated":true}]}}