{"id":232006,"date":"2022-01-24T13:35:00","date_gmt":"2022-01-24T12:35:00","guid":{"rendered":"https:\/\/zjarr.tv\/?p=232006"},"modified":"2022-01-24T14:26:27","modified_gmt":"2022-01-24T13:26:27","slug":"akuzohet-per-shperdorim-detyre-dhe-vjedhje-zbardhet-levizja-me-e-fundit-e-prokurorise","status":"publish","type":"post","link":"https:\/\/zjarr.tv\/sq\/akuzohet-per-shperdorim-detyre-dhe-vjedhje-zbardhet-levizja-me-e-fundit-e-prokurorise\/","title":{"rendered":"Akuzohet p\u00ebr shp\u00ebrdorim detyre dhe vjedhje, zbardhet l\u00ebvizja m\u00eb e fundit e Prokuroris\u00eb"},"content":{"rendered":"<p>Pas referimit nga Policia p\u00ebr veprat penale t\u00eb \u201cShp\u00ebrdorimit t\u00eb Detyr\u00ebs\u201d dhe \u201cVjedhje duke shp\u00ebrdorur detyr\u00ebn\u201d b\u00ebhet me dije Prokuroria e Tiran\u00ebs ka nisur hetimet p\u00ebr kreun e FSHF, Armand Duk\u00ebn. Duka akuzohet p\u00ebr vjedhje duke shp\u00ebrdoruar detyr\u00eb.<\/p>\n<p>Nj\u00eb dit\u00eb m\u00eb par\u00eb, ishte Bashkia e Tiran\u00ebs, q\u00eb n\u00eb cil\u00ebsin\u00eb e aksionerit t\u00eb Klubit t\u00eb Futbollit, k\u00ebrkoi nj\u00eb hetim komb\u00ebtar dhe nd\u00ebrkomb\u00ebtar p\u00ebr \u201cshkeljet dhe korrupsionin 20 vje\u00e7ar t\u00eb Armando Duk\u00ebs n\u00eb Federat\u00ebn Shqiptare t\u00eb Futbollit\u201d.<\/p>\n","protected":false},"excerpt":{"rendered":"<p>Pas referimit nga Policia p\u00ebr veprat penale t\u00eb \u201cShp\u00ebrdorimit t\u00eb Detyr\u00ebs\u201d dhe \u201cVjedhje duke shp\u00ebrdorur detyr\u00ebn\u201d b\u00ebhet me dije Prokuroria e Tiran\u00ebs ka nisur hetimet p\u00ebr kreun e FSHF, Armand Duk\u00ebn. Duka akuzohet p\u00ebr vjedhje duke shp\u00ebrdoruar detyr\u00eb. Nj\u00eb dit\u00eb m\u00eb par\u00eb, ishte Bashkia e Tiran\u00ebs, q\u00eb n\u00eb cil\u00ebsin\u00eb e aksionerit t\u00eb Klubit t\u00eb Futbollit, [&hellip;]<\/p>\n","protected":false},"author":2020,"featured_media":232007,"comment_status":"closed","ping_status":"closed","sticky":false,"template":"","format":"standard","meta":{"footnotes":""},"categories":[241,5380,231],"tags":[],"class_list":{"0":"post-232006","1":"post","2":"type-post","3":"status-publish","4":"format-standard","5":"has-post-thumbnail","7":"category-aktualitet","8":"category-kryesore","9":"category-lajme"},"_links":{"self":[{"href":"https:\/\/zjarr.tv\/sq\/wp-json\/wp\/v2\/posts\/232006","targetHints":{"allow":["GET"]}}],"collection":[{"href":"https:\/\/zjarr.tv\/sq\/wp-json\/wp\/v2\/posts"}],"about":[{"href":"https:\/\/zjarr.tv\/sq\/wp-json\/wp\/v2\/types\/post"}],"author":[{"embeddable":true,"href":"https:\/\/zjarr.tv\/sq\/wp-json\/wp\/v2\/users\/2020"}],"replies":[{"embeddable":true,"href":"https:\/\/zjarr.tv\/sq\/wp-json\/wp\/v2\/comments?post=232006"}],"version-history":[{"count":0,"href":"https:\/\/zjarr.tv\/sq\/wp-json\/wp\/v2\/posts\/232006\/revisions"}],"wp:featuredmedia":[{"embeddable":true,"href":"https:\/\/zjarr.tv\/sq\/wp-json\/wp\/v2\/media\/232007"}],"wp:attachment":[{"href":"https:\/\/zjarr.tv\/sq\/wp-json\/wp\/v2\/media?parent=232006"}],"wp:term":[{"taxonomy":"category","embeddable":true,"href":"https:\/\/zjarr.tv\/sq\/wp-json\/wp\/v2\/categories?post=232006"},{"taxonomy":"post_tag","embeddable":true,"href":"https:\/\/zjarr.tv\/sq\/wp-json\/wp\/v2\/tags?post=232006"}],"curies":[{"name":"wp","href":"https:\/\/api.w.org\/{rel}","templated":true}]}}