{"id":232015,"date":"2022-01-24T13:50:56","date_gmt":"2022-01-24T12:50:56","guid":{"rendered":"https:\/\/zjarr.tv\/?p=232015"},"modified":"2022-01-24T13:58:50","modified_gmt":"2022-01-24T12:58:50","slug":"nuk-ishte-problem-ngrohja-kushi-shkollat-i-mbyllem-se-femijet-mund-te-rrezoheshin-ne-rruge-depozitat-e-ujit-mund-te-ngrijne","status":"publish","type":"post","link":"https:\/\/zjarr.tv\/sq\/nuk-ishte-problem-ngrohja-kushi-shkollat-i-mbyllem-se-femijet-mund-te-rrezoheshin-ne-rruge-depozitat-e-ujit-mund-te-ngrijne\/","title":{"rendered":"\u201cNuk ishte problem ngrohja\u201d, Kushi: Shkollat i mbyll\u00ebm se f\u00ebmij\u00ebt mund t\u00eb rr\u00ebzoheshin n\u00eb rrug\u00eb, depozitat e ujit mund t\u00eb ngrijn\u00eb"},"content":{"rendered":"<p>Lidhur me vendimin e Ministris\u00eb s\u00eb Arsimit p\u00ebr mbylljen e shkollave fillore 3 dit\u00eb p\u00ebr shkak t\u00eb temperaturave t\u00eb ul\u00ebta, ministrja Kushi n\u00eb deklarat\u00eb p\u00ebr mediat tha se p\u00ebr shkak se f\u00ebmij\u00ebt mund t\u00eb rr\u00ebzohen n\u00eb rrug\u00eb jan\u00eb marr\u00eb masa t\u00eb tilla.<\/p>\n<p>Ajo ka mohuar po ashtu se ka problem me ngrohjen n\u00ebp\u00ebr shkolla, nd\u00ebrsa shtoi se mbyllja ka ardhur p\u00ebr shkak t\u00eb ngrirjes s\u00eb depozitave t\u00eb ujit. Kushi tha nd\u00ebr t\u00eb tjera se k\u00ebto lloj vendimesh jan\u00eb dinamike dhe pritet si do t\u00eb shkoj\u00eb situata.<\/p>\n<p>Kushi: \u201cShkollat i mbyll\u00ebm se ngrin\u00eb depozitat dhe ishte problem rruga e f\u00ebmij\u00ebve p\u00ebr n\u00eb shkoll\u00eb. Pak shkolla kan\u00eb problem ngrohjen n\u00eb vend\u201d vendimet jan\u00eb dinamike n\u00eb var\u00ebsi t\u00eb situat\u00ebs. Por dje ne kemi marr\u00eb nj\u00eb v\u00ebndim me t\u00eb cilin jam shum\u00eb e k\u00ebnaqur.<\/p>\n<p>Nj\u00ebri nga prind\u00ebrit n\u00ebse kan\u00eb f\u00ebmij\u00eb t\u00eb mitur t\u00eb mund t\u00eb q\u00ebndroj\u00eb n\u00eb sht\u00ebpi dhe t\u00eb kujdeset p\u00ebr t\u00eb. Kemi nj\u00eb bashk\u00ebpunim t\u00eb mir\u00eb me bashkit\u00eb, sidomos k\u00ebt\u00eb vit. Ky vendim nuk ka t\u00eb b\u00ebj\u00eb vet\u00ebm me sistemin e ngrohjes. Sigurisht ka shkolla ku \u00e7alon situata por m\u00eb shum\u00eb me munges\u00ebn e ujit t\u00eb pijsh\u00ebm n\u00ebse ngrihet n\u00eb depozita.<\/p>\n<p>Kemi disa skenar\u00eb q\u00eb do p\u00ebrshtaten me situat\u00ebn, q\u00eb me udh\u00ebzuesin fillestar t\u00eb vitit shkollor, po u p\u00ebrkeq\u00ebsua situata jemi t\u00eb p\u00ebrgatitur. \u00cbsht\u00eb vet\u00ebm p\u00ebr 3 dit\u00eb, q\u00eb p\u00ebrs\u00ebri do e shikojm\u00eb si do shkoj\u00eb.<\/p>\n<p>Z\u00ebvend\u00ebsimi do t\u00eb ket\u00eb nj\u00eb vendim t\u00eb dyt\u00eb se si do t\u00eb aplikohet n\u00eb zona t\u00eb ndryshme. M\u00eb vjen keq q\u00eb n\u00eb disa shkolla t\u00eb vendit nuk kan\u00eb mb\u00ebrritur n\u00eb koh\u00ebn e duhur regjistrat, ka qen\u00eb nj\u00eb problematik\u00eb q\u00eb prej ankimimeve nga kompanit\u00eb e ndryshme ka krijuar vonesa. M\u00eb vjen shum\u00eb keq dhe k\u00ebrkoj mir\u00ebkuptimin e gjith\u00eb m\u00ebsuesve. Vitin e kaluar situata ishte ekstreme, k\u00ebt\u00eb vit \u00ebsht\u00eb ndryshe.<\/p>\n","protected":false},"excerpt":{"rendered":"<p>Lidhur me vendimin e Ministris\u00eb s\u00eb Arsimit p\u00ebr mbylljen e shkollave fillore 3 dit\u00eb p\u00ebr shkak t\u00eb temperaturave t\u00eb ul\u00ebta, ministrja Kushi n\u00eb deklarat\u00eb p\u00ebr mediat tha se p\u00ebr shkak se f\u00ebmij\u00ebt mund t\u00eb rr\u00ebzohen n\u00eb rrug\u00eb jan\u00eb marr\u00eb masa t\u00eb tilla. Ajo ka mohuar po ashtu se ka problem me ngrohjen n\u00ebp\u00ebr shkolla, nd\u00ebrsa [&hellip;]<\/p>\n","protected":false},"author":2020,"featured_media":232026,"comment_status":"closed","ping_status":"closed","sticky":false,"template":"","format":"standard","meta":{"footnotes":""},"categories":[241,5380,231],"tags":[],"class_list":{"0":"post-232015","1":"post","2":"type-post","3":"status-publish","4":"format-standard","5":"has-post-thumbnail","7":"category-aktualitet","8":"category-kryesore","9":"category-lajme"},"_links":{"self":[{"href":"https:\/\/zjarr.tv\/sq\/wp-json\/wp\/v2\/posts\/232015","targetHints":{"allow":["GET"]}}],"collection":[{"href":"https:\/\/zjarr.tv\/sq\/wp-json\/wp\/v2\/posts"}],"about":[{"href":"https:\/\/zjarr.tv\/sq\/wp-json\/wp\/v2\/types\/post"}],"author":[{"embeddable":true,"href":"https:\/\/zjarr.tv\/sq\/wp-json\/wp\/v2\/users\/2020"}],"replies":[{"embeddable":true,"href":"https:\/\/zjarr.tv\/sq\/wp-json\/wp\/v2\/comments?post=232015"}],"version-history":[{"count":0,"href":"https:\/\/zjarr.tv\/sq\/wp-json\/wp\/v2\/posts\/232015\/revisions"}],"wp:featuredmedia":[{"embeddable":true,"href":"https:\/\/zjarr.tv\/sq\/wp-json\/wp\/v2\/media\/232026"}],"wp:attachment":[{"href":"https:\/\/zjarr.tv\/sq\/wp-json\/wp\/v2\/media?parent=232015"}],"wp:term":[{"taxonomy":"category","embeddable":true,"href":"https:\/\/zjarr.tv\/sq\/wp-json\/wp\/v2\/categories?post=232015"},{"taxonomy":"post_tag","embeddable":true,"href":"https:\/\/zjarr.tv\/sq\/wp-json\/wp\/v2\/tags?post=232015"}],"curies":[{"name":"wp","href":"https:\/\/api.w.org\/{rel}","templated":true}]}}